{"id":11382,"date":"2025-06-16T16:31:35","date_gmt":"2025-06-16T20:31:35","guid":{"rendered":"https:\/\/elconquistadorredloslagos.cl\/test\/?p=11382"},"modified":"2025-06-16T16:31:35","modified_gmt":"2025-06-16T20:31:35","slug":"internacional-g7-llama-a-la-desescalada-entre-israel-e-iran-mientras-trump-se-desmarca-del-consenso","status":"publish","type":"post","link":"https:\/\/elconquistadorredloslagos.cl\/test\/blog\/2025\/06\/16\/internacional-g7-llama-a-la-desescalada-entre-israel-e-iran-mientras-trump-se-desmarca-del-consenso\/","title":{"rendered":"Internacional: G7 llama a la desescalada entre Israel e Ir\u00e1n mientras Trump se desmarca del consenso"},"content":{"rendered":"\n<h5 class=\"wp-block-heading\"><em>La cumbre del G7 arranc\u00f3 este lunes 16-06-2025 en Canad\u00e1 bajo un clima marcado por tensiones internacionales. Los l\u00edderes del grupo \u2014Reino Unido, Estados Unidos, Francia, Italia, Alemania, Canad\u00e1 y Jap\u00f3n\u2014 instaron al fin del conflicto entre Israel e Ir\u00e1n, aunque se espera que el presidente estadounidense, Donald Trump, no firme la declaraci\u00f3n conjunta.<\/em><\/h5>\n\n\n\n<p>En medio de la creciente escalada militar entre Ir\u00e1n e Israel y la guerra en curso en Ucrania, los l\u00edderes del G7 buscan promover la diplomacia y la moderaci\u00f3n. Un borrador del comunicado final, citado por NBC News, incluye llamados a la protecci\u00f3n de civiles, supervisi\u00f3n del programa nuclear iran\u00ed y compromisos con la paz. No obstante, la Casa Blanca adelant\u00f3 que Trump no firmar\u00e1 el documento.<\/p>\n\n\n\n<p>El presidente estadounidense reafirm\u00f3 su apoyo a Israel y advirti\u00f3 que Ir\u00e1n \u201cno ganar\u00e1 esta guerra\u201d, al tiempo que pidi\u00f3 a Teher\u00e1n negociar. El G7, por su parte, reconoci\u00f3 el derecho a la leg\u00edtima defensa de Israel, pero tambi\u00e9n lo inst\u00f3 a detener los ataques.<\/p>\n\n\n\n<p>En otro punto de tensi\u00f3n, Trump calific\u00f3 como un error la expulsi\u00f3n de Rusia del antiguo G8 tras la anexi\u00f3n de Crimea en 2014, y sugiri\u00f3 que Vladimir Putin podr\u00eda actuar como mediador entre Israel e Ir\u00e1n. La propuesta fue rechazada por Francia y otros aliados.<\/p>\n\n\n\n<p>Adem\u00e1s de la situaci\u00f3n en Medio Oriente y Europa del Este, el G7 discute otros temas clave como migraci\u00f3n, inteligencia artificial y el suministro de minerales cr\u00edticos. Sin embargo, hasta el momento, EE. UU. no ha aprobado ninguno de los borradores preparados.<\/p>\n","protected":false},"excerpt":{"rendered":"<p>La cumbre del G7 arranc\u00f3 este lunes 16-06-2025 en Canad\u00e1 bajo un clima marcado por tensiones internacionales. Los l\u00edderes del grupo \u2014Reino Unido, Estados Unidos, Francia, Italia, Alemania, Canad\u00e1 y..<\/p>\n","protected":false},"author":7,"featured_media":11383,"comment_status":"closed","ping_status":"open","sticky":false,"template":"","format":"standard","meta":{"footnotes":""},"categories":[1,28,38],"tags":[],"class_list":["post-11382","post","type-post","status-publish","format-standard","has-post-thumbnail","hentry","category-acontecer","category-actual","category-politica"],"rttpg_featured_image_url":{"full":["https:\/\/elconquistadorredloslagos.cl\/test\/wp-content\/uploads\/2025\/06\/iran-vs-israel-.png",1920,1080,false],"landscape":["https:\/\/elconquistadorredloslagos.cl\/test\/wp-content\/uploads\/2025\/06\/iran-vs-israel-.png",1920,1080,false],"portraits":["https:\/\/elconquistadorredloslagos.cl\/test\/wp-content\/uploads\/2025\/06\/iran-vs-israel-.png",1920,1080,false],"thumbnail":["https:\/\/elconquistadorredloslagos.cl\/test\/wp-content\/uploads\/2025\/06\/iran-vs-israel--150x150.png",150,150,true],"medium":["https:\/\/elconquistadorredloslagos.cl\/test\/wp-content\/uploads\/2025\/06\/iran-vs-israel--300x169.png",300,169,true],"large":["https:\/\/elconquistadorredloslagos.cl\/test\/wp-content\/uploads\/2025\/06\/iran-vs-israel--1024x576.png",1024,576,true],"1536x1536":["https:\/\/elconquistadorredloslagos.cl\/test\/wp-content\/uploads\/2025\/06\/iran-vs-israel--1536x864.png",1536,864,true],"2048x2048":["https:\/\/elconquistadorredloslagos.cl\/test\/wp-content\/uploads\/2025\/06\/iran-vs-israel-.png",1920,1080,false]},"rttpg_author":{"display_name":"enzodelahoz1988","author_link":"https:\/\/elconquistadorredloslagos.cl\/test\/blog\/author\/enzodelahoz1988\/"},"rttpg_comment":0,"rttpg_category":"<a href=\"https:\/\/elconquistadorredloslagos.cl\/test\/blog\/category\/actual\/acontecer\/\" rel=\"category tag\">Acontecer<\/a> <a href=\"https:\/\/elconquistadorredloslagos.cl\/test\/blog\/category\/actual\/\" rel=\"category tag\">Actualidad<\/a> <a href=\"https:\/\/elconquistadorredloslagos.cl\/test\/blog\/category\/actual\/politica\/\" rel=\"category tag\">Politica<\/a>","rttpg_excerpt":"La cumbre del G7 arranc\u00f3 este lunes 16-06-2025 en Canad\u00e1 bajo un clima marcado por tensiones internacionales. Los l\u00edderes del grupo \u2014Reino Unido, Estados Unidos, Francia, Italia, Alemania, Canad\u00e1 y..","_links":{"self":[{"href":"https:\/\/elconquistadorredloslagos.cl\/test\/wp-json\/wp\/v2\/posts\/11382","targetHints":{"allow":["GET"]}}],"collection":[{"href":"https:\/\/elconquistadorredloslagos.cl\/test\/wp-json\/wp\/v2\/posts"}],"about":[{"href":"https:\/\/elconquistadorredloslagos.cl\/test\/wp-json\/wp\/v2\/types\/post"}],"author":[{"embeddable":true,"href":"https:\/\/elconquistadorredloslagos.cl\/test\/wp-json\/wp\/v2\/users\/7"}],"replies":[{"embeddable":true,"href":"https:\/\/elconquistadorredloslagos.cl\/test\/wp-json\/wp\/v2\/comments?post=11382"}],"version-history":[{"count":1,"href":"https:\/\/elconquistadorredloslagos.cl\/test\/wp-json\/wp\/v2\/posts\/11382\/revisions"}],"predecessor-version":[{"id":11384,"href":"https:\/\/elconquistadorredloslagos.cl\/test\/wp-json\/wp\/v2\/posts\/11382\/revisions\/11384"}],"wp:featuredmedia":[{"embeddable":true,"href":"https:\/\/elconquistadorredloslagos.cl\/test\/wp-json\/wp\/v2\/media\/11383"}],"wp:attachment":[{"href":"https:\/\/elconquistadorredloslagos.cl\/test\/wp-json\/wp\/v2\/media?parent=11382"}],"wp:term":[{"taxonomy":"category","embeddable":true,"href":"https:\/\/elconquistadorredloslagos.cl\/test\/wp-json\/wp\/v2\/categories?post=11382"},{"taxonomy":"post_tag","embeddable":true,"href":"https:\/\/elconquistadorredloslagos.cl\/test\/wp-json\/wp\/v2\/tags?post=11382"}],"curies":[{"name":"wp","href":"https:\/\/api.w.org\/{rel}","templated":true}]}}