{"id":11366,"date":"2025-06-16T09:51:21","date_gmt":"2025-06-16T13:51:21","guid":{"rendered":"https:\/\/elconquistadorredloslagos.cl\/test\/?p=11366"},"modified":"2025-06-16T09:51:22","modified_gmt":"2025-06-16T13:51:22","slug":"joven-de-23-anos-muere-apunalado-en-plena-via-publica-de-puerto-montt","status":"publish","type":"post","link":"https:\/\/elconquistadorredloslagos.cl\/test\/blog\/2025\/06\/16\/joven-de-23-anos-muere-apunalado-en-plena-via-publica-de-puerto-montt\/","title":{"rendered":"Joven de 23 a\u00f1os muere apu\u00f1alado en plena v\u00eda p\u00fablica de Puerto Montt"},"content":{"rendered":"\n<p>Conmoci\u00f3n ha causado en Puerto Montt el hallazgo en las \u00faltimas horas, de un cad\u00e1ver en plena v\u00eda p\u00fablica de un joven de 23 a\u00f1os, quien habr\u00eda sufrido dos heridas cortopunzantes. El hecho ocurri\u00f3 en el sector Mirasol de la capital regional, espec\u00edficamente en la intersecci\u00f3n de avenida Presidente Ib\u00e1\u00f1ez con calle Las Camelias.<\/p>\n\n\n\n<p>Personal del Servicio de Atenci\u00f3n M\u00e9dica de Urgencia (&nbsp;&nbsp;&nbsp;&nbsp;&nbsp;&nbsp;&nbsp;&nbsp;&nbsp;&nbsp;&nbsp;&nbsp;&nbsp; SAMU) fueron los primero en llegar al lugar, constatando el fallecimiento del joven quien presentaba una pu\u00f1alada en el rostro y otra en el pecho a la altura del coraz\u00f3n. Su cuerpo ya hab\u00eda sido cubierto con una manta cuando arribaron funcionarios de la Segunda Comisar\u00eda de Carabineros, correspondiente al Cuadrante 2.<\/p>\n\n\n\n<p>Familiares que se encontraban en el sitio del suceso identificaron a la v\u00edctima por las iniciales J.A.U., de nacionalidad chilena. No registraba antecedentes penales ni policiales.<\/p>\n\n\n\n<p>El \u00e1rea fue r\u00e1pidamente acordonada por Carabineros para resguardar la escena, mientras se daba aviso al Ministerio P\u00fablico. M\u00e1s tarde, el fiscal de turno orden\u00f3 que la Brigada de Homicidios de la PDI se hiciera cargo de la investigaci\u00f3n.<\/p>\n\n\n\n<p>\ud83d\udcf7 Redes sociales<\/p>\n","protected":false},"excerpt":{"rendered":"<p>Conmoci\u00f3n ha causado en Puerto Montt el hallazgo en las \u00faltimas horas, de un cad\u00e1ver en plena v\u00eda p\u00fablica de un joven de 23 a\u00f1os, quien habr\u00eda sufrido dos heridas..<\/p>\n","protected":false},"author":2,"featured_media":11367,"comment_status":"closed","ping_status":"open","sticky":false,"template":"","format":"standard","meta":{"footnotes":""},"categories":[1,28,56],"tags":[],"class_list":["post-11366","post","type-post","status-publish","format-standard","has-post-thumbnail","hentry","category-acontecer","category-actual","category-puerto-montt"],"rttpg_featured_image_url":{"full":["https:\/\/elconquistadorredloslagos.cl\/test\/wp-content\/uploads\/2025\/06\/Diseno-sin-titulo-6.jpg",1920,1080,false],"landscape":["https:\/\/elconquistadorredloslagos.cl\/test\/wp-content\/uploads\/2025\/06\/Diseno-sin-titulo-6.jpg",1920,1080,false],"portraits":["https:\/\/elconquistadorredloslagos.cl\/test\/wp-content\/uploads\/2025\/06\/Diseno-sin-titulo-6.jpg",1920,1080,false],"thumbnail":["https:\/\/elconquistadorredloslagos.cl\/test\/wp-content\/uploads\/2025\/06\/Diseno-sin-titulo-6-150x150.jpg",150,150,true],"medium":["https:\/\/elconquistadorredloslagos.cl\/test\/wp-content\/uploads\/2025\/06\/Diseno-sin-titulo-6-300x169.jpg",300,169,true],"large":["https:\/\/elconquistadorredloslagos.cl\/test\/wp-content\/uploads\/2025\/06\/Diseno-sin-titulo-6-1024x576.jpg",1024,576,true],"1536x1536":["https:\/\/elconquistadorredloslagos.cl\/test\/wp-content\/uploads\/2025\/06\/Diseno-sin-titulo-6-1536x864.jpg",1536,864,true],"2048x2048":["https:\/\/elconquistadorredloslagos.cl\/test\/wp-content\/uploads\/2025\/06\/Diseno-sin-titulo-6.jpg",1920,1080,false]},"rttpg_author":{"display_name":"ccardenas","author_link":"https:\/\/elconquistadorredloslagos.cl\/test\/blog\/author\/ccardenas\/"},"rttpg_comment":0,"rttpg_category":"<a href=\"https:\/\/elconquistadorredloslagos.cl\/test\/blog\/category\/actual\/acontecer\/\" rel=\"category tag\">Acontecer<\/a> <a href=\"https:\/\/elconquistadorredloslagos.cl\/test\/blog\/category\/actual\/\" rel=\"category tag\">Actualidad<\/a> <a href=\"https:\/\/elconquistadorredloslagos.cl\/test\/blog\/category\/chile\/puerto-montt\/\" rel=\"category tag\">Puerto Montt<\/a>","rttpg_excerpt":"Conmoci\u00f3n ha causado en Puerto Montt el hallazgo en las \u00faltimas horas, de un cad\u00e1ver en plena v\u00eda p\u00fablica de un joven de 23 a\u00f1os, quien habr\u00eda sufrido dos heridas..","_links":{"self":[{"href":"https:\/\/elconquistadorredloslagos.cl\/test\/wp-json\/wp\/v2\/posts\/11366","targetHints":{"allow":["GET"]}}],"collection":[{"href":"https:\/\/elconquistadorredloslagos.cl\/test\/wp-json\/wp\/v2\/posts"}],"about":[{"href":"https:\/\/elconquistadorredloslagos.cl\/test\/wp-json\/wp\/v2\/types\/post"}],"author":[{"embeddable":true,"href":"https:\/\/elconquistadorredloslagos.cl\/test\/wp-json\/wp\/v2\/users\/2"}],"replies":[{"embeddable":true,"href":"https:\/\/elconquistadorredloslagos.cl\/test\/wp-json\/wp\/v2\/comments?post=11366"}],"version-history":[{"count":1,"href":"https:\/\/elconquistadorredloslagos.cl\/test\/wp-json\/wp\/v2\/posts\/11366\/revisions"}],"predecessor-version":[{"id":11368,"href":"https:\/\/elconquistadorredloslagos.cl\/test\/wp-json\/wp\/v2\/posts\/11366\/revisions\/11368"}],"wp:featuredmedia":[{"embeddable":true,"href":"https:\/\/elconquistadorredloslagos.cl\/test\/wp-json\/wp\/v2\/media\/11367"}],"wp:attachment":[{"href":"https:\/\/elconquistadorredloslagos.cl\/test\/wp-json\/wp\/v2\/media?parent=11366"}],"wp:term":[{"taxonomy":"category","embeddable":true,"href":"https:\/\/elconquistadorredloslagos.cl\/test\/wp-json\/wp\/v2\/categories?post=11366"},{"taxonomy":"post_tag","embeddable":true,"href":"https:\/\/elconquistadorredloslagos.cl\/test\/wp-json\/wp\/v2\/tags?post=11366"}],"curies":[{"name":"wp","href":"https:\/\/api.w.org\/{rel}","templated":true}]}}