{"id":11106,"date":"2025-06-05T17:13:47","date_gmt":"2025-06-05T21:13:47","guid":{"rendered":"https:\/\/elconquistadorredloslagos.cl\/test\/?p=11106"},"modified":"2025-06-05T19:15:29","modified_gmt":"2025-06-05T23:15:29","slug":"paciente-de-puqueldon-recibe-ventilador-gracias-a-alianza-entre-hospital-y-municipio","status":"publish","type":"post","link":"https:\/\/elconquistadorredloslagos.cl\/test\/blog\/2025\/06\/05\/paciente-de-puqueldon-recibe-ventilador-gracias-a-alianza-entre-hospital-y-municipio\/","title":{"rendered":"Paciente de Puqueld\u00f3n recibe ventilador gracias a alianza entre hospital y municipio"},"content":{"rendered":"\n<p>La apnea obstructiva del sue\u00f1o es un trastorno causado por la interrupci\u00f3n parcial o completa de las v\u00edas respiratorias, episodios de cese de respiraci\u00f3n que afectan al paciente mientras duerme. En la provincia de Chilo\u00e9, se ha observado un aumento en los casos de personas que padecen este s\u00edndrome que puede volverse potencialmente grave y que tiene entre sus factores de riesgo el sobrepeso, la edad avanzada y enfermedades como insuficiencia cardiaca, presi\u00f3n arterial alta o diabetes tipo 2.<\/p>\n\n\n\n<p>El pasado 24 de abril, Gladys Torres (40) arrib\u00f3 hasta el Hospital de Castro desde Aldachildo, Isla Lemuy, por un caso grave de apnea obstructiva del sue\u00f1o. Producto de sus patolog\u00edas de base, tuvo que mantenerse hospitalizada por m\u00e1s de 30 d\u00edas en la UTI del recinto asistencial de Chilo\u00e9, al verse incapacitada econ\u00f3micamente para adquirir un ventilador m\u00e9dico no invasivo que le permitiera contar con asistencia respiratoria durante sus horas de sue\u00f1o.<\/p>\n\n\n\n<p>En una labor coordinada entre el equipo m\u00e9dico tratante de UTI y el \u00e1rea de Servicio Social del Hospital de Castro, se pudo solicitar el financiamiento de un ventilador no invasivo para Gladys a trav\u00e9s de la Municipalidad de Puqueld\u00f3n, quienes tras recibir los informes hospitalarios y del Cesfam local de la paciente, gestionaron la compra de la m\u00e1quina desde su Direcci\u00f3n de Desarrollo Comunitario, financiamiento que borde\u00f3 el mill\u00f3n de pesos.<\/p>\n\n\n\n<p>El m\u00e9dico internista y referente del Programa de Respiratorio Adulto en el Hospital de Castro, doctor Gonzalo P\u00e9rez, coment\u00f3 en torno a la apnea del sue\u00f1o.<\/p>\n\n\n\n<figure class=\"wp-block-embed is-type-rich is-provider-gestor-del-servicio wp-block-embed-gestor-del-servicio\"><div class=\"wp-block-embed__wrapper\">\n<div style=\"width: 640px;\" class=\"wp-video\"><video class=\"wp-video-shortcode\" id=\"video-11106-1\" width=\"640\" height=\"360\" preload=\"metadata\" controls=\"controls\"><source type=\"video\/mp4\" src=\"https:\/\/elconquistadorredloslagos.cl\/test\/md\/doctor1.mp4?_=1\" \/><a href=\"https:\/\/elconquistadorredloslagos.cl\/test\/md\/doctor1.mp4\">https:\/\/elconquistadorredloslagos.cl\/test\/md\/doctor1.mp4<\/a><\/video><\/div>\n<\/div><\/figure>\n\n\n\n<p>Asimismo, respecto a las gestiones efectuadas desde el hospital para aunar voluntades con el municipio, se refiri\u00f3 a la trabajadora social Susana Vera.<\/p>\n\n\n\n<figure class=\"wp-block-embed is-type-rich is-provider-gestor-del-servicio wp-block-embed-gestor-del-servicio\"><div class=\"wp-block-embed__wrapper\">\n<div style=\"width: 640px;\" class=\"wp-video\"><video class=\"wp-video-shortcode\" id=\"video-11106-2\" width=\"640\" height=\"360\" preload=\"metadata\" controls=\"controls\"><source type=\"video\/mp4\" src=\"https:\/\/elconquistadorredloslagos.cl\/test\/md\/sasana1.mp4?_=2\" \/><a href=\"https:\/\/elconquistadorredloslagos.cl\/test\/md\/sasana1.mp4\">https:\/\/elconquistadorredloslagos.cl\/test\/md\/sasana1.mp4<\/a><\/video><\/div>\n<\/div><\/figure>\n\n\n\n<p>Estas iniciativas forman parte de las gestiones mancomunadas entre los equipos m\u00e9dicos y el Subdepartamento de Gesti\u00f3n de las Personas del Hospital de Castro, en las labores de apoyo y coordinaci\u00f3n con entidades locales para el acceso a tratamientos complejos para la comunidad usuaria de la provincia de Chilo\u00e9.<\/p>\n\n\n\n<p>\ud83d\udcf7 Redes sociales<\/p>\n","protected":false},"excerpt":{"rendered":"<p>La apnea obstructiva del sue\u00f1o es un trastorno causado por la interrupci\u00f3n parcial o completa de las v\u00edas respiratorias, episodios de cese de respiraci\u00f3n que afectan al paciente mientras duerme&#8230;<\/p>\n","protected":false},"author":2,"featured_media":11107,"comment_status":"closed","ping_status":"open","sticky":false,"template":"","format":"standard","meta":{"footnotes":""},"categories":[1,28,51],"tags":[],"class_list":["post-11106","post","type-post","status-publish","format-standard","has-post-thumbnail","hentry","category-acontecer","category-actual","category-chiloe"],"rttpg_featured_image_url":{"full":["https:\/\/elconquistadorredloslagos.cl\/test\/wp-content\/uploads\/2025\/06\/img-33.jpg",1920,1080,false],"landscape":["https:\/\/elconquistadorredloslagos.cl\/test\/wp-content\/uploads\/2025\/06\/img-33.jpg",1920,1080,false],"portraits":["https:\/\/elconquistadorredloslagos.cl\/test\/wp-content\/uploads\/2025\/06\/img-33.jpg",1920,1080,false],"thumbnail":["https:\/\/elconquistadorredloslagos.cl\/test\/wp-content\/uploads\/2025\/06\/img-33-150x150.jpg",150,150,true],"medium":["https:\/\/elconquistadorredloslagos.cl\/test\/wp-content\/uploads\/2025\/06\/img-33-300x169.jpg",300,169,true],"large":["https:\/\/elconquistadorredloslagos.cl\/test\/wp-content\/uploads\/2025\/06\/img-33-1024x576.jpg",1024,576,true],"1536x1536":["https:\/\/elconquistadorredloslagos.cl\/test\/wp-content\/uploads\/2025\/06\/img-33-1536x864.jpg",1536,864,true],"2048x2048":["https:\/\/elconquistadorredloslagos.cl\/test\/wp-content\/uploads\/2025\/06\/img-33.jpg",1920,1080,false]},"rttpg_author":{"display_name":"ccardenas","author_link":"https:\/\/elconquistadorredloslagos.cl\/test\/blog\/author\/ccardenas\/"},"rttpg_comment":0,"rttpg_category":"<a href=\"https:\/\/elconquistadorredloslagos.cl\/test\/blog\/category\/actual\/acontecer\/\" rel=\"category tag\">Acontecer<\/a> <a href=\"https:\/\/elconquistadorredloslagos.cl\/test\/blog\/category\/actual\/\" rel=\"category tag\">Actualidad<\/a> <a href=\"https:\/\/elconquistadorredloslagos.cl\/test\/blog\/category\/chile\/chiloe\/\" rel=\"category tag\">Chilo\u00e9<\/a>","rttpg_excerpt":"La apnea obstructiva del sue\u00f1o es un trastorno causado por la interrupci\u00f3n parcial o completa de las v\u00edas respiratorias, episodios de cese de respiraci\u00f3n que afectan al paciente mientras duerme...","_links":{"self":[{"href":"https:\/\/elconquistadorredloslagos.cl\/test\/wp-json\/wp\/v2\/posts\/11106","targetHints":{"allow":["GET"]}}],"collection":[{"href":"https:\/\/elconquistadorredloslagos.cl\/test\/wp-json\/wp\/v2\/posts"}],"about":[{"href":"https:\/\/elconquistadorredloslagos.cl\/test\/wp-json\/wp\/v2\/types\/post"}],"author":[{"embeddable":true,"href":"https:\/\/elconquistadorredloslagos.cl\/test\/wp-json\/wp\/v2\/users\/2"}],"replies":[{"embeddable":true,"href":"https:\/\/elconquistadorredloslagos.cl\/test\/wp-json\/wp\/v2\/comments?post=11106"}],"version-history":[{"count":2,"href":"https:\/\/elconquistadorredloslagos.cl\/test\/wp-json\/wp\/v2\/posts\/11106\/revisions"}],"predecessor-version":[{"id":11109,"href":"https:\/\/elconquistadorredloslagos.cl\/test\/wp-json\/wp\/v2\/posts\/11106\/revisions\/11109"}],"wp:featuredmedia":[{"embeddable":true,"href":"https:\/\/elconquistadorredloslagos.cl\/test\/wp-json\/wp\/v2\/media\/11107"}],"wp:attachment":[{"href":"https:\/\/elconquistadorredloslagos.cl\/test\/wp-json\/wp\/v2\/media?parent=11106"}],"wp:term":[{"taxonomy":"category","embeddable":true,"href":"https:\/\/elconquistadorredloslagos.cl\/test\/wp-json\/wp\/v2\/categories?post=11106"},{"taxonomy":"post_tag","embeddable":true,"href":"https:\/\/elconquistadorredloslagos.cl\/test\/wp-json\/wp\/v2\/tags?post=11106"}],"curies":[{"name":"wp","href":"https:\/\/api.w.org\/{rel}","templated":true}]}}