{"id":11103,"date":"2025-06-05T14:33:40","date_gmt":"2025-06-05T18:33:40","guid":{"rendered":"https:\/\/elconquistadorredloslagos.cl\/test\/?p=11103"},"modified":"2025-06-05T14:33:41","modified_gmt":"2025-06-05T18:33:41","slug":"servel-avanza-en-los-preparativos-para-las-primarias-que-marcaran-la-carrera-presidencial","status":"publish","type":"post","link":"https:\/\/elconquistadorredloslagos.cl\/test\/blog\/2025\/06\/05\/servel-avanza-en-los-preparativos-para-las-primarias-que-marcaran-la-carrera-presidencial\/","title":{"rendered":"SERVEL avanza en los preparativos para las primarias que marcar\u00e1n la carrera presidencial"},"content":{"rendered":"\n<p>Se \u00faltimas detalles para las Primarias Presidenciales del pr\u00f3ximo 29 de junio, un proceso clave donde ocho partidos de la coalici\u00f3n \u201cUnidad por Chile\u201d elegir\u00e1n a su candidato de cara a las elecciones generales de noviembre.<\/p>\n\n\n\n<p>Un padr\u00f3n aproximado de 15,5 millones de personas entre militantes e independientes, podr\u00e1n votar de forma voluntaria con c\u00e9dula \u00fanica.<\/p>\n\n\n\n<p>El Servicio Electoral (SERVEL) inform\u00f3 que m\u00e1s de 110 mil 000 vocales de mesa deber\u00e1n cumplir con su labor, enfrentando multas que van desde $137.000 hasta $549.000 en caso de inasistencia. Los locales de votaci\u00f3n y la asignaci\u00f3n de mesas se dar\u00e1n a conocer este s\u00e1bado 7 de junio.<\/p>\n\n\n\n<p>La coalici\u00f3n \u201cUnidad por Chile\u201d agrupa al Partido Socialista, Frente Amplio y Comunista, dejando fuera a los afiliados a colectividades fuera del pacto. Adem\u00e1s, el SERVEL colabora con el Ejecutivo y Legislativo para que las elecciones generales puedan realizarse en un solo d\u00eda.<\/p>\n\n\n\n<p>Estas primarias representan un primer filtro electoral en un a\u00f1o decisivo para Chile, donde la participaci\u00f3n voluntaria ser\u00e1 una prueba del compromiso ciudadano en un sistema que busca acercar posiciones entre la izquierda y centroizquierda, en el contexto del fin del gobierno de Gabriel Boric.<\/p>\n\n\n\n<p>\ud83d\udcf7 Redes sociales<\/p>\n","protected":false},"excerpt":{"rendered":"<p>Se \u00faltimas detalles para las Primarias Presidenciales del pr\u00f3ximo 29 de junio, un proceso clave donde ocho partidos de la coalici\u00f3n \u201cUnidad por Chile\u201d elegir\u00e1n a su candidato de cara..<\/p>\n","protected":false},"author":2,"featured_media":11104,"comment_status":"closed","ping_status":"open","sticky":false,"template":"","format":"standard","meta":{"footnotes":""},"categories":[1,28,52,38],"tags":[],"class_list":["post-11103","post","type-post","status-publish","format-standard","has-post-thumbnail","hentry","category-acontecer","category-actual","category-chile","category-politica"],"rttpg_featured_image_url":{"full":["https:\/\/elconquistadorredloslagos.cl\/test\/wp-content\/uploads\/2025\/06\/img-32.jpg",1920,1080,false],"landscape":["https:\/\/elconquistadorredloslagos.cl\/test\/wp-content\/uploads\/2025\/06\/img-32.jpg",1920,1080,false],"portraits":["https:\/\/elconquistadorredloslagos.cl\/test\/wp-content\/uploads\/2025\/06\/img-32.jpg",1920,1080,false],"thumbnail":["https:\/\/elconquistadorredloslagos.cl\/test\/wp-content\/uploads\/2025\/06\/img-32-150x150.jpg",150,150,true],"medium":["https:\/\/elconquistadorredloslagos.cl\/test\/wp-content\/uploads\/2025\/06\/img-32-300x169.jpg",300,169,true],"large":["https:\/\/elconquistadorredloslagos.cl\/test\/wp-content\/uploads\/2025\/06\/img-32-1024x576.jpg",1024,576,true],"1536x1536":["https:\/\/elconquistadorredloslagos.cl\/test\/wp-content\/uploads\/2025\/06\/img-32-1536x864.jpg",1536,864,true],"2048x2048":["https:\/\/elconquistadorredloslagos.cl\/test\/wp-content\/uploads\/2025\/06\/img-32.jpg",1920,1080,false]},"rttpg_author":{"display_name":"ccardenas","author_link":"https:\/\/elconquistadorredloslagos.cl\/test\/blog\/author\/ccardenas\/"},"rttpg_comment":0,"rttpg_category":"<a href=\"https:\/\/elconquistadorredloslagos.cl\/test\/blog\/category\/actual\/acontecer\/\" rel=\"category tag\">Acontecer<\/a> <a href=\"https:\/\/elconquistadorredloslagos.cl\/test\/blog\/category\/actual\/\" rel=\"category tag\">Actualidad<\/a> <a href=\"https:\/\/elconquistadorredloslagos.cl\/test\/blog\/category\/chile\/\" rel=\"category tag\">Nacional<\/a> <a href=\"https:\/\/elconquistadorredloslagos.cl\/test\/blog\/category\/actual\/politica\/\" rel=\"category tag\">Politica<\/a>","rttpg_excerpt":"Se \u00faltimas detalles para las Primarias Presidenciales del pr\u00f3ximo 29 de junio, un proceso clave donde ocho partidos de la coalici\u00f3n \u201cUnidad por Chile\u201d elegir\u00e1n a su candidato de cara..","_links":{"self":[{"href":"https:\/\/elconquistadorredloslagos.cl\/test\/wp-json\/wp\/v2\/posts\/11103","targetHints":{"allow":["GET"]}}],"collection":[{"href":"https:\/\/elconquistadorredloslagos.cl\/test\/wp-json\/wp\/v2\/posts"}],"about":[{"href":"https:\/\/elconquistadorredloslagos.cl\/test\/wp-json\/wp\/v2\/types\/post"}],"author":[{"embeddable":true,"href":"https:\/\/elconquistadorredloslagos.cl\/test\/wp-json\/wp\/v2\/users\/2"}],"replies":[{"embeddable":true,"href":"https:\/\/elconquistadorredloslagos.cl\/test\/wp-json\/wp\/v2\/comments?post=11103"}],"version-history":[{"count":1,"href":"https:\/\/elconquistadorredloslagos.cl\/test\/wp-json\/wp\/v2\/posts\/11103\/revisions"}],"predecessor-version":[{"id":11105,"href":"https:\/\/elconquistadorredloslagos.cl\/test\/wp-json\/wp\/v2\/posts\/11103\/revisions\/11105"}],"wp:featuredmedia":[{"embeddable":true,"href":"https:\/\/elconquistadorredloslagos.cl\/test\/wp-json\/wp\/v2\/media\/11104"}],"wp:attachment":[{"href":"https:\/\/elconquistadorredloslagos.cl\/test\/wp-json\/wp\/v2\/media?parent=11103"}],"wp:term":[{"taxonomy":"category","embeddable":true,"href":"https:\/\/elconquistadorredloslagos.cl\/test\/wp-json\/wp\/v2\/categories?post=11103"},{"taxonomy":"post_tag","embeddable":true,"href":"https:\/\/elconquistadorredloslagos.cl\/test\/wp-json\/wp\/v2\/tags?post=11103"}],"curies":[{"name":"wp","href":"https:\/\/api.w.org\/{rel}","templated":true}]}}