{"id":11097,"date":"2025-06-05T14:06:42","date_gmt":"2025-06-05T18:06:42","guid":{"rendered":"https:\/\/elconquistadorredloslagos.cl\/test\/?p=11097"},"modified":"2025-06-05T14:06:43","modified_gmt":"2025-06-05T18:06:43","slug":"cambio-de-timon-en-palena-marisol-mora-asume-como-nueva-delegada-presidencial","status":"publish","type":"post","link":"https:\/\/elconquistadorredloslagos.cl\/test\/blog\/2025\/06\/05\/cambio-de-timon-en-palena-marisol-mora-asume-como-nueva-delegada-presidencial\/","title":{"rendered":"Cambio de tim\u00f3n en Palena: Marisol Mora asume como nueva delegada presidencial"},"content":{"rendered":"\n<p>Este jueves, Marisol Mora Arce tomar\u00e1 el relevo como delegada presidencial provincial de Palena, tras la renuncia de Luis Monta\u00f1a Soto, aceptada por la Subsecretar\u00eda del Interior ayer 4 de junio. La salida fue oficializada mediante un comunicado donde se agradeci\u00f3 la labor desempe\u00f1ada por Monta\u00f1a durante su gesti\u00f3n.<\/p>\n\n\n\n<p>La delegada presidencial regional de Los Lagos, Paulina Mu\u00f1oz, abord\u00f3 el cambio asegurando que \u201cquienes ejercemos cargos p\u00fablicos debemos estar siempre disponibles para dar un paso al costado cuando se nos solicita\u201d.<\/p>\n\n\n\n<p>La nueva autoridad provincial cuenta con una amplia trayectoria en el servicio p\u00fablico en la Regi\u00f3n de Los Lagos. Ha trabajado en instituciones como la Delegaci\u00f3n Presidencial Regional, as\u00ed como en las municipalidades de Frutillar y Puerto Varas.<\/p>\n\n\n\n<p>Este nombramiento se enmarca en los ajustes que el Ejecutivo contin\u00faa realizando en su equipo territorial, con miras a reforzar la gesti\u00f3n local en su \u00faltimo a\u00f1o de Gobierno.<\/p>\n\n\n\n<p>\ud83d\udcf7 Redes sociales<\/p>\n","protected":false},"excerpt":{"rendered":"<p>Este jueves, Marisol Mora Arce tomar\u00e1 el relevo como delegada presidencial provincial de Palena, tras la renuncia de Luis Monta\u00f1a Soto, aceptada por la Subsecretar\u00eda del Interior ayer 4 de..<\/p>\n","protected":false},"author":2,"featured_media":11098,"comment_status":"closed","ping_status":"open","sticky":false,"template":"","format":"standard","meta":{"footnotes":""},"categories":[1,28],"tags":[],"class_list":["post-11097","post","type-post","status-publish","format-standard","has-post-thumbnail","hentry","category-acontecer","category-actual"],"rttpg_featured_image_url":{"full":["https:\/\/elconquistadorredloslagos.cl\/test\/wp-content\/uploads\/2025\/06\/img-30.jpg",1920,1080,false],"landscape":["https:\/\/elconquistadorredloslagos.cl\/test\/wp-content\/uploads\/2025\/06\/img-30.jpg",1920,1080,false],"portraits":["https:\/\/elconquistadorredloslagos.cl\/test\/wp-content\/uploads\/2025\/06\/img-30.jpg",1920,1080,false],"thumbnail":["https:\/\/elconquistadorredloslagos.cl\/test\/wp-content\/uploads\/2025\/06\/img-30-150x150.jpg",150,150,true],"medium":["https:\/\/elconquistadorredloslagos.cl\/test\/wp-content\/uploads\/2025\/06\/img-30-300x169.jpg",300,169,true],"large":["https:\/\/elconquistadorredloslagos.cl\/test\/wp-content\/uploads\/2025\/06\/img-30-1024x576.jpg",1024,576,true],"1536x1536":["https:\/\/elconquistadorredloslagos.cl\/test\/wp-content\/uploads\/2025\/06\/img-30-1536x864.jpg",1536,864,true],"2048x2048":["https:\/\/elconquistadorredloslagos.cl\/test\/wp-content\/uploads\/2025\/06\/img-30.jpg",1920,1080,false]},"rttpg_author":{"display_name":"ccardenas","author_link":"https:\/\/elconquistadorredloslagos.cl\/test\/blog\/author\/ccardenas\/"},"rttpg_comment":0,"rttpg_category":"<a href=\"https:\/\/elconquistadorredloslagos.cl\/test\/blog\/category\/actual\/acontecer\/\" rel=\"category tag\">Acontecer<\/a> <a href=\"https:\/\/elconquistadorredloslagos.cl\/test\/blog\/category\/actual\/\" rel=\"category tag\">Actualidad<\/a>","rttpg_excerpt":"Este jueves, Marisol Mora Arce tomar\u00e1 el relevo como delegada presidencial provincial de Palena, tras la renuncia de Luis Monta\u00f1a Soto, aceptada por la Subsecretar\u00eda del Interior ayer 4 de..","_links":{"self":[{"href":"https:\/\/elconquistadorredloslagos.cl\/test\/wp-json\/wp\/v2\/posts\/11097","targetHints":{"allow":["GET"]}}],"collection":[{"href":"https:\/\/elconquistadorredloslagos.cl\/test\/wp-json\/wp\/v2\/posts"}],"about":[{"href":"https:\/\/elconquistadorredloslagos.cl\/test\/wp-json\/wp\/v2\/types\/post"}],"author":[{"embeddable":true,"href":"https:\/\/elconquistadorredloslagos.cl\/test\/wp-json\/wp\/v2\/users\/2"}],"replies":[{"embeddable":true,"href":"https:\/\/elconquistadorredloslagos.cl\/test\/wp-json\/wp\/v2\/comments?post=11097"}],"version-history":[{"count":1,"href":"https:\/\/elconquistadorredloslagos.cl\/test\/wp-json\/wp\/v2\/posts\/11097\/revisions"}],"predecessor-version":[{"id":11099,"href":"https:\/\/elconquistadorredloslagos.cl\/test\/wp-json\/wp\/v2\/posts\/11097\/revisions\/11099"}],"wp:featuredmedia":[{"embeddable":true,"href":"https:\/\/elconquistadorredloslagos.cl\/test\/wp-json\/wp\/v2\/media\/11098"}],"wp:attachment":[{"href":"https:\/\/elconquistadorredloslagos.cl\/test\/wp-json\/wp\/v2\/media?parent=11097"}],"wp:term":[{"taxonomy":"category","embeddable":true,"href":"https:\/\/elconquistadorredloslagos.cl\/test\/wp-json\/wp\/v2\/categories?post=11097"},{"taxonomy":"post_tag","embeddable":true,"href":"https:\/\/elconquistadorredloslagos.cl\/test\/wp-json\/wp\/v2\/tags?post=11097"}],"curies":[{"name":"wp","href":"https:\/\/api.w.org\/{rel}","templated":true}]}}