{"id":11094,"date":"2025-06-05T13:54:21","date_gmt":"2025-06-05T17:54:21","guid":{"rendered":"https:\/\/elconquistadorredloslagos.cl\/test\/?p=11094"},"modified":"2025-06-05T13:54:22","modified_gmt":"2025-06-05T17:54:22","slug":"carabineros-frustra-robo-en-jardin-infantil-de-puerto-varas","status":"publish","type":"post","link":"https:\/\/elconquistadorredloslagos.cl\/test\/blog\/2025\/06\/05\/carabineros-frustra-robo-en-jardin-infantil-de-puerto-varas\/","title":{"rendered":"Carabineros frustra robo en jard\u00edn infantil de Puerto Varas"},"content":{"rendered":"\n<p>Un intento de robo en un jard\u00edn infantil ubicado en calle San Francisco, en pleno centro de Puerto Varas, fue frustrado gracias a la r\u00e1pida acci\u00f3n de Carabineros. El hecho ocurri\u00f3 cuando funcionarios de la Secci\u00f3n de Investigaci\u00f3n Policial (SIP) de la Primera Comisar\u00eda sorprendieron a un individuo mientras sustra\u00eda art\u00edculos desde el interior del recinto educativo pre escolar.<\/p>\n\n\n\n<p>El sujeto que hab\u00eda accedido al jard\u00edn preescolar tras romper un vidrio, fue detenido en el acto por personal policial. La intervenci\u00f3n evit\u00f3 que el delito tuviera consecuencias mayores, considerando la vulnerabilidad del establecimiento.<\/p>\n\n\n\n<p>Una vez controlada la situaci\u00f3n se constat\u00f3 que el detenido contaba con antecedentes policiales previos. Carabineros inform\u00f3 que el imputado ser\u00e1 presentado ante el Juzgado de Garant\u00eda de Puerto Varas, donde enfrentar\u00e1 cargos por el delito de robo en lugar no habitado.<\/p>\n\n\n\n<p>La oportuna respuesta de los efectivos policiales fue clave para proteger la infraestructura educativa.<\/p>\n","protected":false},"excerpt":{"rendered":"<p>Un intento de robo en un jard\u00edn infantil ubicado en calle San Francisco, en pleno centro de Puerto Varas, fue frustrado gracias a la r\u00e1pida acci\u00f3n de Carabineros. El hecho..<\/p>\n","protected":false},"author":2,"featured_media":11095,"comment_status":"closed","ping_status":"open","sticky":false,"template":"","format":"standard","meta":{"footnotes":""},"categories":[1,28,54],"tags":[],"class_list":["post-11094","post","type-post","status-publish","format-standard","has-post-thumbnail","hentry","category-acontecer","category-actual","category-lago-llanquihue"],"rttpg_featured_image_url":{"full":["https:\/\/elconquistadorredloslagos.cl\/test\/wp-content\/uploads\/2025\/06\/img-29.jpg",1920,1080,false],"landscape":["https:\/\/elconquistadorredloslagos.cl\/test\/wp-content\/uploads\/2025\/06\/img-29.jpg",1920,1080,false],"portraits":["https:\/\/elconquistadorredloslagos.cl\/test\/wp-content\/uploads\/2025\/06\/img-29.jpg",1920,1080,false],"thumbnail":["https:\/\/elconquistadorredloslagos.cl\/test\/wp-content\/uploads\/2025\/06\/img-29-150x150.jpg",150,150,true],"medium":["https:\/\/elconquistadorredloslagos.cl\/test\/wp-content\/uploads\/2025\/06\/img-29-300x169.jpg",300,169,true],"large":["https:\/\/elconquistadorredloslagos.cl\/test\/wp-content\/uploads\/2025\/06\/img-29-1024x576.jpg",1024,576,true],"1536x1536":["https:\/\/elconquistadorredloslagos.cl\/test\/wp-content\/uploads\/2025\/06\/img-29-1536x864.jpg",1536,864,true],"2048x2048":["https:\/\/elconquistadorredloslagos.cl\/test\/wp-content\/uploads\/2025\/06\/img-29.jpg",1920,1080,false]},"rttpg_author":{"display_name":"ccardenas","author_link":"https:\/\/elconquistadorredloslagos.cl\/test\/blog\/author\/ccardenas\/"},"rttpg_comment":0,"rttpg_category":"<a href=\"https:\/\/elconquistadorredloslagos.cl\/test\/blog\/category\/actual\/acontecer\/\" rel=\"category tag\">Acontecer<\/a> <a href=\"https:\/\/elconquistadorredloslagos.cl\/test\/blog\/category\/actual\/\" rel=\"category tag\">Actualidad<\/a> <a href=\"https:\/\/elconquistadorredloslagos.cl\/test\/blog\/category\/chile\/lago-llanquihue\/\" rel=\"category tag\">Lago LLanquihue<\/a>","rttpg_excerpt":"Un intento de robo en un jard\u00edn infantil ubicado en calle San Francisco, en pleno centro de Puerto Varas, fue frustrado gracias a la r\u00e1pida acci\u00f3n de Carabineros. El hecho..","_links":{"self":[{"href":"https:\/\/elconquistadorredloslagos.cl\/test\/wp-json\/wp\/v2\/posts\/11094","targetHints":{"allow":["GET"]}}],"collection":[{"href":"https:\/\/elconquistadorredloslagos.cl\/test\/wp-json\/wp\/v2\/posts"}],"about":[{"href":"https:\/\/elconquistadorredloslagos.cl\/test\/wp-json\/wp\/v2\/types\/post"}],"author":[{"embeddable":true,"href":"https:\/\/elconquistadorredloslagos.cl\/test\/wp-json\/wp\/v2\/users\/2"}],"replies":[{"embeddable":true,"href":"https:\/\/elconquistadorredloslagos.cl\/test\/wp-json\/wp\/v2\/comments?post=11094"}],"version-history":[{"count":1,"href":"https:\/\/elconquistadorredloslagos.cl\/test\/wp-json\/wp\/v2\/posts\/11094\/revisions"}],"predecessor-version":[{"id":11096,"href":"https:\/\/elconquistadorredloslagos.cl\/test\/wp-json\/wp\/v2\/posts\/11094\/revisions\/11096"}],"wp:featuredmedia":[{"embeddable":true,"href":"https:\/\/elconquistadorredloslagos.cl\/test\/wp-json\/wp\/v2\/media\/11095"}],"wp:attachment":[{"href":"https:\/\/elconquistadorredloslagos.cl\/test\/wp-json\/wp\/v2\/media?parent=11094"}],"wp:term":[{"taxonomy":"category","embeddable":true,"href":"https:\/\/elconquistadorredloslagos.cl\/test\/wp-json\/wp\/v2\/categories?post=11094"},{"taxonomy":"post_tag","embeddable":true,"href":"https:\/\/elconquistadorredloslagos.cl\/test\/wp-json\/wp\/v2\/tags?post=11094"}],"curies":[{"name":"wp","href":"https:\/\/api.w.org\/{rel}","templated":true}]}}