{"id":11091,"date":"2025-06-05T13:45:20","date_gmt":"2025-06-05T17:45:20","guid":{"rendered":"https:\/\/elconquistadorredloslagos.cl\/test\/?p=11091"},"modified":"2025-06-05T13:45:21","modified_gmt":"2025-06-05T17:45:21","slug":"violento-choque-de-camiones-en-ruta-5-deja-un-conductor-gravemente-herido","status":"publish","type":"post","link":"https:\/\/elconquistadorredloslagos.cl\/test\/blog\/2025\/06\/05\/violento-choque-de-camiones-en-ruta-5-deja-un-conductor-gravemente-herido\/","title":{"rendered":"Violento choque de camiones en Ruta 5 deja un conductor gravemente herido"},"content":{"rendered":"\n<p>Un grave accidente de tr\u00e1nsito se registr\u00f3 la ma\u00f1ana de este mi\u00e9rcoles en la Ruta 5 Sur, a la altura del kil\u00f3metro 991 sector Pellines, en la comuna de Llanquihue. Dos camiones colisionaron violentamente en la pista con direcci\u00f3n de sur a norte.<\/p>\n\n\n\n<p>El impacto fue de tal magnitud que una de las m\u00e1quinas perdi\u00f3 completamente la cabina del conductor, la cual sali\u00f3 proyectada varios metros desde el lugar del choque.<\/p>\n\n\n\n<p>Hasta el sitio acudieron r\u00e1pidamente unidades de la Segunda y Quinta Compa\u00f1\u00edas de Bomberos de Llanquihue, encontr\u00e1ndose con un escenario de alta complejidad. A ellos se sumaron voluntarios de la Primera Compa\u00f1\u00eda, Carabineros y personal de salud en ambulancia.<\/p>\n\n\n\n<p>Uno de los conductores result\u00f3 con lesiones de consideraci\u00f3n y seg\u00fan la informaci\u00f3n preliminar, se encuentra en estado grave. Las causas del accidente est\u00e1n siendo investigadas por personal de la Secci\u00f3n de Investigaci\u00f3n de Accidentes de Tr\u00e1nsito (SIAT) de Carabineros.<\/p>\n\n\n\n<p>\ud83d\udcf7 Redes sociales<\/p>\n","protected":false},"excerpt":{"rendered":"<p>Un grave accidente de tr\u00e1nsito se registr\u00f3 la ma\u00f1ana de este mi\u00e9rcoles en la Ruta 5 Sur, a la altura del kil\u00f3metro 991 sector Pellines, en la comuna de Llanquihue&#8230;<\/p>\n","protected":false},"author":2,"featured_media":11092,"comment_status":"closed","ping_status":"open","sticky":false,"template":"","format":"standard","meta":{"footnotes":""},"categories":[1,28,54,56],"tags":[],"class_list":["post-11091","post","type-post","status-publish","format-standard","has-post-thumbnail","hentry","category-acontecer","category-actual","category-lago-llanquihue","category-puerto-montt"],"rttpg_featured_image_url":{"full":["https:\/\/elconquistadorredloslagos.cl\/test\/wp-content\/uploads\/2025\/06\/img-28.jpg",1920,1080,false],"landscape":["https:\/\/elconquistadorredloslagos.cl\/test\/wp-content\/uploads\/2025\/06\/img-28.jpg",1920,1080,false],"portraits":["https:\/\/elconquistadorredloslagos.cl\/test\/wp-content\/uploads\/2025\/06\/img-28.jpg",1920,1080,false],"thumbnail":["https:\/\/elconquistadorredloslagos.cl\/test\/wp-content\/uploads\/2025\/06\/img-28-150x150.jpg",150,150,true],"medium":["https:\/\/elconquistadorredloslagos.cl\/test\/wp-content\/uploads\/2025\/06\/img-28-300x169.jpg",300,169,true],"large":["https:\/\/elconquistadorredloslagos.cl\/test\/wp-content\/uploads\/2025\/06\/img-28-1024x576.jpg",1024,576,true],"1536x1536":["https:\/\/elconquistadorredloslagos.cl\/test\/wp-content\/uploads\/2025\/06\/img-28-1536x864.jpg",1536,864,true],"2048x2048":["https:\/\/elconquistadorredloslagos.cl\/test\/wp-content\/uploads\/2025\/06\/img-28.jpg",1920,1080,false]},"rttpg_author":{"display_name":"ccardenas","author_link":"https:\/\/elconquistadorredloslagos.cl\/test\/blog\/author\/ccardenas\/"},"rttpg_comment":0,"rttpg_category":"<a href=\"https:\/\/elconquistadorredloslagos.cl\/test\/blog\/category\/actual\/acontecer\/\" rel=\"category tag\">Acontecer<\/a> <a href=\"https:\/\/elconquistadorredloslagos.cl\/test\/blog\/category\/actual\/\" rel=\"category tag\">Actualidad<\/a> <a href=\"https:\/\/elconquistadorredloslagos.cl\/test\/blog\/category\/chile\/lago-llanquihue\/\" rel=\"category tag\">Lago LLanquihue<\/a> <a href=\"https:\/\/elconquistadorredloslagos.cl\/test\/blog\/category\/chile\/puerto-montt\/\" rel=\"category tag\">Puerto Montt<\/a>","rttpg_excerpt":"Un grave accidente de tr\u00e1nsito se registr\u00f3 la ma\u00f1ana de este mi\u00e9rcoles en la Ruta 5 Sur, a la altura del kil\u00f3metro 991 sector Pellines, en la comuna de Llanquihue...","_links":{"self":[{"href":"https:\/\/elconquistadorredloslagos.cl\/test\/wp-json\/wp\/v2\/posts\/11091","targetHints":{"allow":["GET"]}}],"collection":[{"href":"https:\/\/elconquistadorredloslagos.cl\/test\/wp-json\/wp\/v2\/posts"}],"about":[{"href":"https:\/\/elconquistadorredloslagos.cl\/test\/wp-json\/wp\/v2\/types\/post"}],"author":[{"embeddable":true,"href":"https:\/\/elconquistadorredloslagos.cl\/test\/wp-json\/wp\/v2\/users\/2"}],"replies":[{"embeddable":true,"href":"https:\/\/elconquistadorredloslagos.cl\/test\/wp-json\/wp\/v2\/comments?post=11091"}],"version-history":[{"count":1,"href":"https:\/\/elconquistadorredloslagos.cl\/test\/wp-json\/wp\/v2\/posts\/11091\/revisions"}],"predecessor-version":[{"id":11093,"href":"https:\/\/elconquistadorredloslagos.cl\/test\/wp-json\/wp\/v2\/posts\/11091\/revisions\/11093"}],"wp:featuredmedia":[{"embeddable":true,"href":"https:\/\/elconquistadorredloslagos.cl\/test\/wp-json\/wp\/v2\/media\/11092"}],"wp:attachment":[{"href":"https:\/\/elconquistadorredloslagos.cl\/test\/wp-json\/wp\/v2\/media?parent=11091"}],"wp:term":[{"taxonomy":"category","embeddable":true,"href":"https:\/\/elconquistadorredloslagos.cl\/test\/wp-json\/wp\/v2\/categories?post=11091"},{"taxonomy":"post_tag","embeddable":true,"href":"https:\/\/elconquistadorredloslagos.cl\/test\/wp-json\/wp\/v2\/tags?post=11091"}],"curies":[{"name":"wp","href":"https:\/\/api.w.org\/{rel}","templated":true}]}}