{"id":11088,"date":"2025-06-05T13:22:39","date_gmt":"2025-06-05T17:22:39","guid":{"rendered":"https:\/\/elconquistadorredloslagos.cl\/test\/?p=11088"},"modified":"2025-06-05T13:22:40","modified_gmt":"2025-06-05T17:22:40","slug":"diputado-mauro-gonzalez-solicita-medidas-para-frenar-alza-de-tarifas-en-el-canal-de-dalcahue","status":"publish","type":"post","link":"https:\/\/elconquistadorredloslagos.cl\/test\/blog\/2025\/06\/05\/diputado-mauro-gonzalez-solicita-medidas-para-frenar-alza-de-tarifas-en-el-canal-de-dalcahue\/","title":{"rendered":"Diputado Mauro Gonz\u00e1lez solicita medidas para frenar alza de tarifas en el Canal de\u00a0 Dalcahue"},"content":{"rendered":"\n<p>En medio del creciente malestar entre los usuarios del transbordo en el canal Dalcahue, que conecta la ciudad de Dalcahue con la isla Quinchao, el parlamentario por la regi\u00f3n de Los Lagos, Mauro Gonz\u00e1lez, expres\u00f3 su profunda preocupaci\u00f3n por un posible aumento de tarifas que impactar\u00eda gravemente a la comunidad local.<\/p>\n\n\n\n<p>\u201cEl canal Dalcahue es una v\u00eda esencial para nuestra conectividad, tanto para los residentes de Quinchao como para los de Curaco de V\u00e9lez. Un eventual incremento en las tarifas no solo afectar\u00eda a los ciudadanos que dependen diariamente de este servicio, sino que tambi\u00e9n tendr\u00eda repercusiones econ\u00f3micas significativas para el sector del transporte p\u00fablico y particular\u201d, enfatiz\u00f3 el parlamentario.<\/p>\n\n\n\n<p>Ante esta situaci\u00f3n, Mauro Gonz\u00e1lez anunci\u00f3 que ha oficiado al Ministerio de Transporte para formalizar esta inquietud. \u201cEs fundamental que el gobierno tome en cuenta las necesidades de nuestras comunidades. Chilo\u00e9 siempre ha enfrentado mayores desaf\u00edos en t\u00e9rminos de conectividad, y no podemos permitir que un aumento en las tarifas agrede a\u00fan m\u00e1s a los habitantes de nuestra regi\u00f3n. La movilidad de las personas y el transporte de bienes son cuestiones clave para el desarrollo y bienestar de los ciudadanos\u201d, agreg\u00f3.<\/p>\n\n\n\n<p>Gonz\u00e1lez destac\u00f3 la importancia de mantener tarifas accesibles para todos los usuarios, subrayando que este servicio no solo es crucial para la vida cotidiana de los vecinos, sino tambi\u00e9n para el desarrollo econ\u00f3mico de la zona. \u00abCada peso cuenta para las familias de nuestra regi\u00f3n, y un aumento en las tarifas podr\u00eda llevar a un efecto domin\u00f3 que perjudique a muchos\u00bb, sostuvo.<\/p>\n\n\n\n<p>\u201cEsperamos que el Ministerio de Transporte considere nuestra petici\u00f3n y se tomen medidas inmediatas antes de que se implemente cualquier alza tarifaria\u201d, concluy\u00f3 el diputado.<\/p>\n\n\n\n<p>M\u00e1s detalles en el siguiente registro del parlamentario:<\/p>\n\n\n\n<figure class=\"wp-block-embed is-type-rich is-provider-gestor-del-servicio wp-block-embed-gestor-del-servicio\"><div class=\"wp-block-embed__wrapper\">\n<div style=\"width: 640px;\" class=\"wp-video\"><video class=\"wp-video-shortcode\" id=\"video-11088-1\" width=\"640\" height=\"360\" preload=\"metadata\" controls=\"controls\"><source type=\"video\/mp4\" src=\"https:\/\/elconquistadorredloslagos.cl\/test\/md\/videomaurogonzalezxcanaldalcahue.mp4?_=1\" \/><a href=\"https:\/\/elconquistadorredloslagos.cl\/test\/md\/videomaurogonzalezxcanaldalcahue.mp4\">https:\/\/elconquistadorredloslagos.cl\/test\/md\/videomaurogonzalezxcanaldalcahue.mp4<\/a><\/video><\/div>\n<\/div><\/figure>\n\n\n\n<p>\ud83d\udcf7 \ud83c\udfa5 Referencial<\/p>\n","protected":false},"excerpt":{"rendered":"<p>En medio del creciente malestar entre los usuarios del transbordo en el canal Dalcahue, que conecta la ciudad de Dalcahue con la isla Quinchao, el parlamentario por la regi\u00f3n de..<\/p>\n","protected":false},"author":2,"featured_media":11089,"comment_status":"closed","ping_status":"open","sticky":false,"template":"","format":"standard","meta":{"footnotes":""},"categories":[1,28,51,38,29],"tags":[],"class_list":["post-11088","post","type-post","status-publish","format-standard","has-post-thumbnail","hentry","category-acontecer","category-actual","category-chiloe","category-politica","category-turismo"],"rttpg_featured_image_url":{"full":["https:\/\/elconquistadorredloslagos.cl\/test\/wp-content\/uploads\/2025\/06\/img.png",1920,1080,false],"landscape":["https:\/\/elconquistadorredloslagos.cl\/test\/wp-content\/uploads\/2025\/06\/img.png",1920,1080,false],"portraits":["https:\/\/elconquistadorredloslagos.cl\/test\/wp-content\/uploads\/2025\/06\/img.png",1920,1080,false],"thumbnail":["https:\/\/elconquistadorredloslagos.cl\/test\/wp-content\/uploads\/2025\/06\/img-150x150.png",150,150,true],"medium":["https:\/\/elconquistadorredloslagos.cl\/test\/wp-content\/uploads\/2025\/06\/img-300x169.png",300,169,true],"large":["https:\/\/elconquistadorredloslagos.cl\/test\/wp-content\/uploads\/2025\/06\/img-1024x576.png",1024,576,true],"1536x1536":["https:\/\/elconquistadorredloslagos.cl\/test\/wp-content\/uploads\/2025\/06\/img-1536x864.png",1536,864,true],"2048x2048":["https:\/\/elconquistadorredloslagos.cl\/test\/wp-content\/uploads\/2025\/06\/img.png",1920,1080,false]},"rttpg_author":{"display_name":"ccardenas","author_link":"https:\/\/elconquistadorredloslagos.cl\/test\/blog\/author\/ccardenas\/"},"rttpg_comment":0,"rttpg_category":"<a href=\"https:\/\/elconquistadorredloslagos.cl\/test\/blog\/category\/actual\/acontecer\/\" rel=\"category tag\">Acontecer<\/a> <a href=\"https:\/\/elconquistadorredloslagos.cl\/test\/blog\/category\/actual\/\" rel=\"category tag\">Actualidad<\/a> <a href=\"https:\/\/elconquistadorredloslagos.cl\/test\/blog\/category\/chile\/chiloe\/\" rel=\"category tag\">Chilo\u00e9<\/a> <a href=\"https:\/\/elconquistadorredloslagos.cl\/test\/blog\/category\/actual\/politica\/\" rel=\"category tag\">Politica<\/a> <a href=\"https:\/\/elconquistadorredloslagos.cl\/test\/blog\/category\/actual\/turismo\/\" rel=\"category tag\">Turismo<\/a>","rttpg_excerpt":"En medio del creciente malestar entre los usuarios del transbordo en el canal Dalcahue, que conecta la ciudad de Dalcahue con la isla Quinchao, el parlamentario por la regi\u00f3n de..","_links":{"self":[{"href":"https:\/\/elconquistadorredloslagos.cl\/test\/wp-json\/wp\/v2\/posts\/11088","targetHints":{"allow":["GET"]}}],"collection":[{"href":"https:\/\/elconquistadorredloslagos.cl\/test\/wp-json\/wp\/v2\/posts"}],"about":[{"href":"https:\/\/elconquistadorredloslagos.cl\/test\/wp-json\/wp\/v2\/types\/post"}],"author":[{"embeddable":true,"href":"https:\/\/elconquistadorredloslagos.cl\/test\/wp-json\/wp\/v2\/users\/2"}],"replies":[{"embeddable":true,"href":"https:\/\/elconquistadorredloslagos.cl\/test\/wp-json\/wp\/v2\/comments?post=11088"}],"version-history":[{"count":1,"href":"https:\/\/elconquistadorredloslagos.cl\/test\/wp-json\/wp\/v2\/posts\/11088\/revisions"}],"predecessor-version":[{"id":11090,"href":"https:\/\/elconquistadorredloslagos.cl\/test\/wp-json\/wp\/v2\/posts\/11088\/revisions\/11090"}],"wp:featuredmedia":[{"embeddable":true,"href":"https:\/\/elconquistadorredloslagos.cl\/test\/wp-json\/wp\/v2\/media\/11089"}],"wp:attachment":[{"href":"https:\/\/elconquistadorredloslagos.cl\/test\/wp-json\/wp\/v2\/media?parent=11088"}],"wp:term":[{"taxonomy":"category","embeddable":true,"href":"https:\/\/elconquistadorredloslagos.cl\/test\/wp-json\/wp\/v2\/categories?post=11088"},{"taxonomy":"post_tag","embeddable":true,"href":"https:\/\/elconquistadorredloslagos.cl\/test\/wp-json\/wp\/v2\/tags?post=11088"}],"curies":[{"name":"wp","href":"https:\/\/api.w.org\/{rel}","templated":true}]}}