{"id":11076,"date":"2025-06-05T10:48:07","date_gmt":"2025-06-05T14:48:07","guid":{"rendered":"https:\/\/elconquistadorredloslagos.cl\/test\/?p=11076"},"modified":"2025-06-05T12:57:38","modified_gmt":"2025-06-05T16:57:38","slug":"alcaldes-exigen-frenar-alza-de-tarifa-en-el-canal-de-dalcahue-no-puede-recaer-sobre-la-gente","status":"publish","type":"post","link":"https:\/\/elconquistadorredloslagos.cl\/test\/blog\/2025\/06\/05\/alcaldes-exigen-frenar-alza-de-tarifa-en-el-canal-de-dalcahue-no-puede-recaer-sobre-la-gente\/","title":{"rendered":"Alcaldes exigen frenar alza de tarifa en el canal de Dalcahue: \u201cNo puede recaer sobre la gente\u201d"},"content":{"rendered":"\n<p>Un aumento de $500 en la tarifa del cruce por el canal de Dalcahue ha encendido las alarmas entre autoridades de la isla Quinchao. Ren\u00e9 Garc\u00e9s, alcalde de Quinchao y presidente de la Asociaci\u00f3n de Municipios de Chilo\u00e9 junto a Javiera Y\u00e1\u00f1ez, alcaldesa de Curaco de V\u00e9lez, manifestaron su rechazo a la medida que afectar\u00eda directamente a veh\u00edculos particulares y eventualmente al transporte p\u00fablico.<\/p>\n\n\n\n<p>El valor actual que bordea los $3.000 a $3.500, ya representa un gasto considerable para las familias que deben trasladarse con frecuencia por motivos laborales, educativos o de salud. \u201cEs un error garrafal\u201d declar\u00f3 Y\u00e1\u00f1ez, advirtiendo que los costos operacionales no deben perjudicar a los vecinos.<\/p>\n\n\n\n<p>Garc\u00e9s alert\u00f3 que esto tambi\u00e9n atenta contra quienes dependen del canal para tratamientos m\u00e9dicos. Ante este escenario, los alcaldes pidieron al Ministerio de Transportes revisar la decisi\u00f3n y conformar una mesa de trabajo. \u201cSi es necesario iremos a Santiago para que escuchen las verdaderas necesidades de nuestra gente\u201d, afirm\u00f3 Y\u00e1\u00f1ez.<\/p>\n","protected":false},"excerpt":{"rendered":"<p>Un aumento de $500 en la tarifa del cruce por el canal de Dalcahue ha encendido las alarmas entre autoridades de la isla Quinchao. Ren\u00e9 Garc\u00e9s, alcalde de Quinchao y..<\/p>\n","protected":false},"author":2,"featured_media":11077,"comment_status":"closed","ping_status":"open","sticky":false,"template":"","format":"standard","meta":{"footnotes":""},"categories":[1,28,51],"tags":[],"class_list":["post-11076","post","type-post","status-publish","format-standard","has-post-thumbnail","hentry","category-acontecer","category-actual","category-chiloe"],"rttpg_featured_image_url":{"full":["https:\/\/elconquistadorredloslagos.cl\/test\/wp-content\/uploads\/2025\/06\/img-27.jpg",1920,1080,false],"landscape":["https:\/\/elconquistadorredloslagos.cl\/test\/wp-content\/uploads\/2025\/06\/img-27.jpg",1920,1080,false],"portraits":["https:\/\/elconquistadorredloslagos.cl\/test\/wp-content\/uploads\/2025\/06\/img-27.jpg",1920,1080,false],"thumbnail":["https:\/\/elconquistadorredloslagos.cl\/test\/wp-content\/uploads\/2025\/06\/img-27-150x150.jpg",150,150,true],"medium":["https:\/\/elconquistadorredloslagos.cl\/test\/wp-content\/uploads\/2025\/06\/img-27-300x169.jpg",300,169,true],"large":["https:\/\/elconquistadorredloslagos.cl\/test\/wp-content\/uploads\/2025\/06\/img-27-1024x576.jpg",1024,576,true],"1536x1536":["https:\/\/elconquistadorredloslagos.cl\/test\/wp-content\/uploads\/2025\/06\/img-27-1536x864.jpg",1536,864,true],"2048x2048":["https:\/\/elconquistadorredloslagos.cl\/test\/wp-content\/uploads\/2025\/06\/img-27.jpg",1920,1080,false]},"rttpg_author":{"display_name":"ccardenas","author_link":"https:\/\/elconquistadorredloslagos.cl\/test\/blog\/author\/ccardenas\/"},"rttpg_comment":0,"rttpg_category":"<a href=\"https:\/\/elconquistadorredloslagos.cl\/test\/blog\/category\/actual\/acontecer\/\" rel=\"category tag\">Acontecer<\/a> <a href=\"https:\/\/elconquistadorredloslagos.cl\/test\/blog\/category\/actual\/\" rel=\"category tag\">Actualidad<\/a> <a href=\"https:\/\/elconquistadorredloslagos.cl\/test\/blog\/category\/chile\/chiloe\/\" rel=\"category tag\">Chilo\u00e9<\/a>","rttpg_excerpt":"Un aumento de $500 en la tarifa del cruce por el canal de Dalcahue ha encendido las alarmas entre autoridades de la isla Quinchao. Ren\u00e9 Garc\u00e9s, alcalde de Quinchao y..","_links":{"self":[{"href":"https:\/\/elconquistadorredloslagos.cl\/test\/wp-json\/wp\/v2\/posts\/11076","targetHints":{"allow":["GET"]}}],"collection":[{"href":"https:\/\/elconquistadorredloslagos.cl\/test\/wp-json\/wp\/v2\/posts"}],"about":[{"href":"https:\/\/elconquistadorredloslagos.cl\/test\/wp-json\/wp\/v2\/types\/post"}],"author":[{"embeddable":true,"href":"https:\/\/elconquistadorredloslagos.cl\/test\/wp-json\/wp\/v2\/users\/2"}],"replies":[{"embeddable":true,"href":"https:\/\/elconquistadorredloslagos.cl\/test\/wp-json\/wp\/v2\/comments?post=11076"}],"version-history":[{"count":1,"href":"https:\/\/elconquistadorredloslagos.cl\/test\/wp-json\/wp\/v2\/posts\/11076\/revisions"}],"predecessor-version":[{"id":11078,"href":"https:\/\/elconquistadorredloslagos.cl\/test\/wp-json\/wp\/v2\/posts\/11076\/revisions\/11078"}],"wp:featuredmedia":[{"embeddable":true,"href":"https:\/\/elconquistadorredloslagos.cl\/test\/wp-json\/wp\/v2\/media\/11077"}],"wp:attachment":[{"href":"https:\/\/elconquistadorredloslagos.cl\/test\/wp-json\/wp\/v2\/media?parent=11076"}],"wp:term":[{"taxonomy":"category","embeddable":true,"href":"https:\/\/elconquistadorredloslagos.cl\/test\/wp-json\/wp\/v2\/categories?post=11076"},{"taxonomy":"post_tag","embeddable":true,"href":"https:\/\/elconquistadorredloslagos.cl\/test\/wp-json\/wp\/v2\/tags?post=11076"}],"curies":[{"name":"wp","href":"https:\/\/api.w.org\/{rel}","templated":true}]}}