{"id":11071,"date":"2025-06-04T18:23:45","date_gmt":"2025-06-04T22:23:45","guid":{"rendered":"https:\/\/elconquistadorredloslagos.cl\/test\/?p=11071"},"modified":"2025-06-04T18:23:45","modified_gmt":"2025-06-04T22:23:45","slug":"profesionales-de-salud-de-chiloe-refuerzan-sus-competencias-en-certificacion-de-muerte-por-criterio-neurologico","status":"publish","type":"post","link":"https:\/\/elconquistadorredloslagos.cl\/test\/blog\/2025\/06\/04\/profesionales-de-salud-de-chiloe-refuerzan-sus-competencias-en-certificacion-de-muerte-por-criterio-neurologico\/","title":{"rendered":"Profesionales de salud de Chilo\u00e9 refuerzan sus competencias en certificaci\u00f3n de muerte por criterio neurol\u00f3gico"},"content":{"rendered":"\n<p>Con el objetivo de fortalecer el abordaje cl\u00ednico, \u00e9tico, legal y comunicacional en torno a la certificaci\u00f3n de pacientes fallecidos por criterio neurol\u00f3gico, se realiz\u00f3 en Castro una jornada de capacitaci\u00f3n dirigida a m\u00e9dicos, enfermeros y profesionales cl\u00ednicos de la Red Asistencial de Chilo\u00e9.<\/p>\n\n\n\n<p>La actividad organizada por la doctora Dania Yurac, m\u00e9dico referente en donaci\u00f3n, procuramiento y trasplante de \u00f3rganos y tejidos de la subdirecci\u00f3n de Gesti\u00f3n Asistencial del Servicio de Salud Chilo\u00e9, busc\u00f3 actualizar los conocimientos y protocolos relacionados con la atenci\u00f3n de pacientes con da\u00f1o neurol\u00f3gico catastr\u00f3fico, en concordancia con la normativa vigente en Chile.<\/p>\n\n\n\n<figure class=\"wp-block-audio\"><audio controls src=\"https:\/\/elconquistadorredloslagos.cl\/test\/wp-content\/uploads\/2025\/06\/DANIA-YURAC-OK.mp3\"><\/audio><\/figure>\n\n\n\n<p>En 2024, Chile alcanz\u00f3 un m\u00e1ximo hist\u00f3rico de 635 personas trasplantadas, seg\u00fan el Instituto de Salud P\u00fablica (ISP), y en lo que va de 2025 ya se han realizado 38 trasplantes a nivel nacional. Entre el a\u00f1o 2024 y 2025 ha habido m\u00e1s de siete personas que han podido donar sus \u00f3rganos en Chilo\u00e9 como lo habr\u00edan expresado en vida.<\/p>\n\n\n\n<p>El doctor Jos\u00e9 Luis Rojas, m\u00e9dico intensivista y coordinador nacional de donaci\u00f3n y trasplante del Ministerio de Salud, particip\u00f3 activamente de la jornada, destacando la relevancia de estas instancias.<\/p>\n\n\n\n<figure class=\"wp-block-audio\"><audio controls src=\"https:\/\/elconquistadorredloslagos.cl\/test\/wp-content\/uploads\/2025\/06\/JOSE-ROJAS-OK.mp3\"><\/audio><\/figure>\n\n\n\n<p>Durante la jornada se trataron tem\u00e1ticas fundamentales para el desarrollo \u00e9tico y cl\u00ednico del proceso de certificaci\u00f3n por criterio neurol\u00f3gico.<\/p>\n\n\n\n<p>En la ocasi\u00f3n, se logr\u00f3 la aspiraci\u00f3n de abordar temas relevantes en beneficio de los equipos de salud y de la comunidad adquiriendo cada vez nuevos conocimientos y actualizaci\u00f3n de temas t\u00e9cnicos, cl\u00ednicos y \u00e9ticos.<\/p>\n","protected":false},"excerpt":{"rendered":"<p>Con el objetivo de fortalecer el abordaje cl\u00ednico, \u00e9tico, legal y comunicacional en torno a la certificaci\u00f3n de pacientes fallecidos por criterio neurol\u00f3gico, se realiz\u00f3 en Castro una jornada de..<\/p>\n","protected":false},"author":2,"featured_media":11074,"comment_status":"closed","ping_status":"open","sticky":false,"template":"","format":"standard","meta":{"footnotes":""},"categories":[1,28,51],"tags":[],"class_list":["post-11071","post","type-post","status-publish","format-standard","has-post-thumbnail","hentry","category-acontecer","category-actual","category-chiloe"],"rttpg_featured_image_url":{"full":["https:\/\/elconquistadorredloslagos.cl\/test\/wp-content\/uploads\/2025\/06\/img-26.jpg",1920,1080,false],"landscape":["https:\/\/elconquistadorredloslagos.cl\/test\/wp-content\/uploads\/2025\/06\/img-26.jpg",1920,1080,false],"portraits":["https:\/\/elconquistadorredloslagos.cl\/test\/wp-content\/uploads\/2025\/06\/img-26.jpg",1920,1080,false],"thumbnail":["https:\/\/elconquistadorredloslagos.cl\/test\/wp-content\/uploads\/2025\/06\/img-26-150x150.jpg",150,150,true],"medium":["https:\/\/elconquistadorredloslagos.cl\/test\/wp-content\/uploads\/2025\/06\/img-26-300x169.jpg",300,169,true],"large":["https:\/\/elconquistadorredloslagos.cl\/test\/wp-content\/uploads\/2025\/06\/img-26-1024x576.jpg",1024,576,true],"1536x1536":["https:\/\/elconquistadorredloslagos.cl\/test\/wp-content\/uploads\/2025\/06\/img-26-1536x864.jpg",1536,864,true],"2048x2048":["https:\/\/elconquistadorredloslagos.cl\/test\/wp-content\/uploads\/2025\/06\/img-26.jpg",1920,1080,false]},"rttpg_author":{"display_name":"ccardenas","author_link":"https:\/\/elconquistadorredloslagos.cl\/test\/blog\/author\/ccardenas\/"},"rttpg_comment":0,"rttpg_category":"<a href=\"https:\/\/elconquistadorredloslagos.cl\/test\/blog\/category\/actual\/acontecer\/\" rel=\"category tag\">Acontecer<\/a> <a href=\"https:\/\/elconquistadorredloslagos.cl\/test\/blog\/category\/actual\/\" rel=\"category tag\">Actualidad<\/a> <a href=\"https:\/\/elconquistadorredloslagos.cl\/test\/blog\/category\/chile\/chiloe\/\" rel=\"category tag\">Chilo\u00e9<\/a>","rttpg_excerpt":"Con el objetivo de fortalecer el abordaje cl\u00ednico, \u00e9tico, legal y comunicacional en torno a la certificaci\u00f3n de pacientes fallecidos por criterio neurol\u00f3gico, se realiz\u00f3 en Castro una jornada de..","_links":{"self":[{"href":"https:\/\/elconquistadorredloslagos.cl\/test\/wp-json\/wp\/v2\/posts\/11071","targetHints":{"allow":["GET"]}}],"collection":[{"href":"https:\/\/elconquistadorredloslagos.cl\/test\/wp-json\/wp\/v2\/posts"}],"about":[{"href":"https:\/\/elconquistadorredloslagos.cl\/test\/wp-json\/wp\/v2\/types\/post"}],"author":[{"embeddable":true,"href":"https:\/\/elconquistadorredloslagos.cl\/test\/wp-json\/wp\/v2\/users\/2"}],"replies":[{"embeddable":true,"href":"https:\/\/elconquistadorredloslagos.cl\/test\/wp-json\/wp\/v2\/comments?post=11071"}],"version-history":[{"count":1,"href":"https:\/\/elconquistadorredloslagos.cl\/test\/wp-json\/wp\/v2\/posts\/11071\/revisions"}],"predecessor-version":[{"id":11075,"href":"https:\/\/elconquistadorredloslagos.cl\/test\/wp-json\/wp\/v2\/posts\/11071\/revisions\/11075"}],"wp:featuredmedia":[{"embeddable":true,"href":"https:\/\/elconquistadorredloslagos.cl\/test\/wp-json\/wp\/v2\/media\/11074"}],"wp:attachment":[{"href":"https:\/\/elconquistadorredloslagos.cl\/test\/wp-json\/wp\/v2\/media?parent=11071"}],"wp:term":[{"taxonomy":"category","embeddable":true,"href":"https:\/\/elconquistadorredloslagos.cl\/test\/wp-json\/wp\/v2\/categories?post=11071"},{"taxonomy":"post_tag","embeddable":true,"href":"https:\/\/elconquistadorredloslagos.cl\/test\/wp-json\/wp\/v2\/tags?post=11071"}],"curies":[{"name":"wp","href":"https:\/\/api.w.org\/{rel}","templated":true}]}}