{"id":11066,"date":"2025-06-04T18:06:04","date_gmt":"2025-06-04T22:06:04","guid":{"rendered":"https:\/\/elconquistadorredloslagos.cl\/test\/?p=11066"},"modified":"2025-06-04T18:06:51","modified_gmt":"2025-06-04T22:06:51","slug":"iglesia-de-carelmapu-avanza-en-su-restauracion-tras-incendio-de-2024","status":"publish","type":"post","link":"https:\/\/elconquistadorredloslagos.cl\/test\/blog\/2025\/06\/04\/iglesia-de-carelmapu-avanza-en-su-restauracion-tras-incendio-de-2024\/","title":{"rendered":"Iglesia de Carelmapu avanza en su restauraci\u00f3n tras incendio de 2024"},"content":{"rendered":"\n<p>Tras a\u00f1os de espera, el Ministerio de Desarrollo Social otorg\u00f3 la resoluci\u00f3n definitiva que habilita el avance del proyecto de reconstrucci\u00f3n de la Iglesia de Carelmapu, en la comuna de Maull\u00edn. Este templo, declarado Monumento Nacional en 1993, fue severamente afectado por un incendio en enero de 2014 y ahora inicia su camino hacia la restauraci\u00f3n.<\/p>\n\n\n\n<p>La aprobaci\u00f3n representa un paso crucial para gestionar los fondos necesarios, estimados en m\u00e1s de 5 mil 500 millones de pesos. El proyecto original, dise\u00f1ado por la Direcci\u00f3n de Arquitectura del Ministerio de Obras P\u00fablicas con recursos del Fondo Nacional de Desarrollo Regional (FNDR), lleva m\u00e1s de 16 a\u00f1os de aplazamiento.<\/p>\n\n\n\n<p>La propuesta contempla una restauraci\u00f3n integral que incluye la reposici\u00f3n de fundaciones, sistemas de drenaje, renovaci\u00f3n estructural, terminaciones, iluminaci\u00f3n, paisajismo y mobiliario urbano, entre otros trabajos. Tras su aprobaci\u00f3n inicial en 2013 por el Consejo de Monumentos Nacionales (CMN), el plan fue actualizado y reafirmado en 2022 dando luz verde a la ejecuci\u00f3n.<\/p>\n\n\n\n<p>\ud83d\udcf7 Redes sociales<\/p>\n","protected":false},"excerpt":{"rendered":"<p>Tras a\u00f1os de espera, el Ministerio de Desarrollo Social otorg\u00f3 la resoluci\u00f3n definitiva que habilita el avance del proyecto de reconstrucci\u00f3n de la Iglesia de Carelmapu, en la comuna de..<\/p>\n","protected":false},"author":2,"featured_media":11067,"comment_status":"closed","ping_status":"open","sticky":false,"template":"","format":"standard","meta":{"footnotes":""},"categories":[1,28,34],"tags":[],"class_list":["post-11066","post","type-post","status-publish","format-standard","has-post-thumbnail","hentry","category-acontecer","category-actual","category-cultura"],"rttpg_featured_image_url":{"full":["https:\/\/elconquistadorredloslagos.cl\/test\/wp-content\/uploads\/2025\/06\/img-25.jpg",1920,1080,false],"landscape":["https:\/\/elconquistadorredloslagos.cl\/test\/wp-content\/uploads\/2025\/06\/img-25.jpg",1920,1080,false],"portraits":["https:\/\/elconquistadorredloslagos.cl\/test\/wp-content\/uploads\/2025\/06\/img-25.jpg",1920,1080,false],"thumbnail":["https:\/\/elconquistadorredloslagos.cl\/test\/wp-content\/uploads\/2025\/06\/img-25-150x150.jpg",150,150,true],"medium":["https:\/\/elconquistadorredloslagos.cl\/test\/wp-content\/uploads\/2025\/06\/img-25-300x169.jpg",300,169,true],"large":["https:\/\/elconquistadorredloslagos.cl\/test\/wp-content\/uploads\/2025\/06\/img-25-1024x576.jpg",1024,576,true],"1536x1536":["https:\/\/elconquistadorredloslagos.cl\/test\/wp-content\/uploads\/2025\/06\/img-25-1536x864.jpg",1536,864,true],"2048x2048":["https:\/\/elconquistadorredloslagos.cl\/test\/wp-content\/uploads\/2025\/06\/img-25.jpg",1920,1080,false]},"rttpg_author":{"display_name":"ccardenas","author_link":"https:\/\/elconquistadorredloslagos.cl\/test\/blog\/author\/ccardenas\/"},"rttpg_comment":0,"rttpg_category":"<a href=\"https:\/\/elconquistadorredloslagos.cl\/test\/blog\/category\/actual\/acontecer\/\" rel=\"category tag\">Acontecer<\/a> <a href=\"https:\/\/elconquistadorredloslagos.cl\/test\/blog\/category\/actual\/\" rel=\"category tag\">Actualidad<\/a> <a href=\"https:\/\/elconquistadorredloslagos.cl\/test\/blog\/category\/cultura\/\" rel=\"category tag\">Cultural<\/a>","rttpg_excerpt":"Tras a\u00f1os de espera, el Ministerio de Desarrollo Social otorg\u00f3 la resoluci\u00f3n definitiva que habilita el avance del proyecto de reconstrucci\u00f3n de la Iglesia de Carelmapu, en la comuna de..","_links":{"self":[{"href":"https:\/\/elconquistadorredloslagos.cl\/test\/wp-json\/wp\/v2\/posts\/11066","targetHints":{"allow":["GET"]}}],"collection":[{"href":"https:\/\/elconquistadorredloslagos.cl\/test\/wp-json\/wp\/v2\/posts"}],"about":[{"href":"https:\/\/elconquistadorredloslagos.cl\/test\/wp-json\/wp\/v2\/types\/post"}],"author":[{"embeddable":true,"href":"https:\/\/elconquistadorredloslagos.cl\/test\/wp-json\/wp\/v2\/users\/2"}],"replies":[{"embeddable":true,"href":"https:\/\/elconquistadorredloslagos.cl\/test\/wp-json\/wp\/v2\/comments?post=11066"}],"version-history":[{"count":2,"href":"https:\/\/elconquistadorredloslagos.cl\/test\/wp-json\/wp\/v2\/posts\/11066\/revisions"}],"predecessor-version":[{"id":11070,"href":"https:\/\/elconquistadorredloslagos.cl\/test\/wp-json\/wp\/v2\/posts\/11066\/revisions\/11070"}],"wp:featuredmedia":[{"embeddable":true,"href":"https:\/\/elconquistadorredloslagos.cl\/test\/wp-json\/wp\/v2\/media\/11067"}],"wp:attachment":[{"href":"https:\/\/elconquistadorredloslagos.cl\/test\/wp-json\/wp\/v2\/media?parent=11066"}],"wp:term":[{"taxonomy":"category","embeddable":true,"href":"https:\/\/elconquistadorredloslagos.cl\/test\/wp-json\/wp\/v2\/categories?post=11066"},{"taxonomy":"post_tag","embeddable":true,"href":"https:\/\/elconquistadorredloslagos.cl\/test\/wp-json\/wp\/v2\/tags?post=11066"}],"curies":[{"name":"wp","href":"https:\/\/api.w.org\/{rel}","templated":true}]}}