{"id":11062,"date":"2025-06-04T17:53:34","date_gmt":"2025-06-04T21:53:34","guid":{"rendered":"https:\/\/elconquistadorredloslagos.cl\/test\/?p=11062"},"modified":"2025-06-04T17:53:34","modified_gmt":"2025-06-04T21:53:34","slug":"los-lagos-responde-al-llamado-nacional-y-detienen-clases-por-48-horas","status":"publish","type":"post","link":"https:\/\/elconquistadorredloslagos.cl\/test\/blog\/2025\/06\/04\/los-lagos-responde-al-llamado-nacional-y-detienen-clases-por-48-horas\/","title":{"rendered":"Los Lagos responde al llamado nacional y detienen clases por 48 horas"},"content":{"rendered":"\n<p>La regi\u00f3n de Los Lagos se uni\u00f3 al paro nacional de 48 horas convocado por el Colegio de Profesores, en rechazo al escaso avance de la Agenda Corta del Ministerio de Educaci\u00f3n. La movilizaci\u00f3n que se extiende hasta ma\u00f1ana jueves 5 de junio, responde a la falta de respuestas satisfactorias tras el paro de advertencia de 24 horas realizado el 15 de mayo.<\/p>\n\n\n\n<p>Edith Catepill\u00e1n, presidenta regional del Colegio de Profesores confirm\u00f3 la adhesi\u00f3n a la paralizaci\u00f3n, que contempla la suspensi\u00f3n total de actividades educativas en diversas comunas de la provincia de Chilo\u00e9. Los docentes buscan presionar a las autoridades para que se atiendan sus demandas y se implementen cambios efectivos en el sistema educativo.<\/p>\n\n\n\n<figure class=\"wp-block-audio\"><audio controls src=\"https:\/\/elconquistadorredloslagos.cl\/test\/wp-content\/uploads\/2025\/06\/CUNA-PROFES-LOS-LAGOS.mp3\"><\/audio><\/figure>\n\n\n\n<p>Esta medida se suma a la marcha nacional que tendr\u00e1 lugar en Valpara\u00edso, evidenciando un creciente descontento en el sector docente a nivel pa\u00eds. La paralizaci\u00f3n refleja la urgencia de avanzar en mejoras concretas tras meses de di\u00e1logo sin resultados.<\/p>\n","protected":false},"excerpt":{"rendered":"<p>La regi\u00f3n de Los Lagos se uni\u00f3 al paro nacional de 48 horas convocado por el Colegio de Profesores, en rechazo al escaso avance de la Agenda Corta del Ministerio..<\/p>\n","protected":false},"author":2,"featured_media":11064,"comment_status":"closed","ping_status":"open","sticky":false,"template":"","format":"standard","meta":{"footnotes":""},"categories":[1,28,51,39,52,38,56],"tags":[],"class_list":["post-11062","post","type-post","status-publish","format-standard","has-post-thumbnail","hentry","category-acontecer","category-actual","category-chiloe","category-educacion","category-chile","category-politica","category-puerto-montt"],"rttpg_featured_image_url":{"full":["https:\/\/elconquistadorredloslagos.cl\/test\/wp-content\/uploads\/2025\/06\/img-24.jpg",1920,1080,false],"landscape":["https:\/\/elconquistadorredloslagos.cl\/test\/wp-content\/uploads\/2025\/06\/img-24.jpg",1920,1080,false],"portraits":["https:\/\/elconquistadorredloslagos.cl\/test\/wp-content\/uploads\/2025\/06\/img-24.jpg",1920,1080,false],"thumbnail":["https:\/\/elconquistadorredloslagos.cl\/test\/wp-content\/uploads\/2025\/06\/img-24-150x150.jpg",150,150,true],"medium":["https:\/\/elconquistadorredloslagos.cl\/test\/wp-content\/uploads\/2025\/06\/img-24-300x169.jpg",300,169,true],"large":["https:\/\/elconquistadorredloslagos.cl\/test\/wp-content\/uploads\/2025\/06\/img-24-1024x576.jpg",1024,576,true],"1536x1536":["https:\/\/elconquistadorredloslagos.cl\/test\/wp-content\/uploads\/2025\/06\/img-24-1536x864.jpg",1536,864,true],"2048x2048":["https:\/\/elconquistadorredloslagos.cl\/test\/wp-content\/uploads\/2025\/06\/img-24.jpg",1920,1080,false]},"rttpg_author":{"display_name":"ccardenas","author_link":"https:\/\/elconquistadorredloslagos.cl\/test\/blog\/author\/ccardenas\/"},"rttpg_comment":0,"rttpg_category":"<a href=\"https:\/\/elconquistadorredloslagos.cl\/test\/blog\/category\/actual\/acontecer\/\" rel=\"category tag\">Acontecer<\/a> <a href=\"https:\/\/elconquistadorredloslagos.cl\/test\/blog\/category\/actual\/\" rel=\"category tag\">Actualidad<\/a> <a href=\"https:\/\/elconquistadorredloslagos.cl\/test\/blog\/category\/chile\/chiloe\/\" rel=\"category tag\">Chilo\u00e9<\/a> <a href=\"https:\/\/elconquistadorredloslagos.cl\/test\/blog\/category\/actual\/educacion\/\" rel=\"category tag\">Educaci\u00f3n<\/a> <a href=\"https:\/\/elconquistadorredloslagos.cl\/test\/blog\/category\/chile\/\" rel=\"category tag\">Nacional<\/a> <a href=\"https:\/\/elconquistadorredloslagos.cl\/test\/blog\/category\/actual\/politica\/\" rel=\"category tag\">Politica<\/a> <a href=\"https:\/\/elconquistadorredloslagos.cl\/test\/blog\/category\/chile\/puerto-montt\/\" rel=\"category tag\">Puerto Montt<\/a>","rttpg_excerpt":"La regi\u00f3n de Los Lagos se uni\u00f3 al paro nacional de 48 horas convocado por el Colegio de Profesores, en rechazo al escaso avance de la Agenda Corta del Ministerio..","_links":{"self":[{"href":"https:\/\/elconquistadorredloslagos.cl\/test\/wp-json\/wp\/v2\/posts\/11062","targetHints":{"allow":["GET"]}}],"collection":[{"href":"https:\/\/elconquistadorredloslagos.cl\/test\/wp-json\/wp\/v2\/posts"}],"about":[{"href":"https:\/\/elconquistadorredloslagos.cl\/test\/wp-json\/wp\/v2\/types\/post"}],"author":[{"embeddable":true,"href":"https:\/\/elconquistadorredloslagos.cl\/test\/wp-json\/wp\/v2\/users\/2"}],"replies":[{"embeddable":true,"href":"https:\/\/elconquistadorredloslagos.cl\/test\/wp-json\/wp\/v2\/comments?post=11062"}],"version-history":[{"count":1,"href":"https:\/\/elconquistadorredloslagos.cl\/test\/wp-json\/wp\/v2\/posts\/11062\/revisions"}],"predecessor-version":[{"id":11065,"href":"https:\/\/elconquistadorredloslagos.cl\/test\/wp-json\/wp\/v2\/posts\/11062\/revisions\/11065"}],"wp:featuredmedia":[{"embeddable":true,"href":"https:\/\/elconquistadorredloslagos.cl\/test\/wp-json\/wp\/v2\/media\/11064"}],"wp:attachment":[{"href":"https:\/\/elconquistadorredloslagos.cl\/test\/wp-json\/wp\/v2\/media?parent=11062"}],"wp:term":[{"taxonomy":"category","embeddable":true,"href":"https:\/\/elconquistadorredloslagos.cl\/test\/wp-json\/wp\/v2\/categories?post=11062"},{"taxonomy":"post_tag","embeddable":true,"href":"https:\/\/elconquistadorredloslagos.cl\/test\/wp-json\/wp\/v2\/tags?post=11062"}],"curies":[{"name":"wp","href":"https:\/\/api.w.org\/{rel}","templated":true}]}}