{"id":11059,"date":"2025-06-04T17:46:42","date_gmt":"2025-06-04T21:46:42","guid":{"rendered":"https:\/\/elconquistadorredloslagos.cl\/test\/?p=11059"},"modified":"2025-06-04T17:46:43","modified_gmt":"2025-06-04T21:46:43","slug":"corte-suprema-ratifica-rechazo-a-recurso-de-comunidad-mapuche-por-reduccion-de-espacio-costero","status":"publish","type":"post","link":"https:\/\/elconquistadorredloslagos.cl\/test\/blog\/2025\/06\/04\/corte-suprema-ratifica-rechazo-a-recurso-de-comunidad-mapuche-por-reduccion-de-espacio-costero\/","title":{"rendered":"Corte Suprema ratifica rechazo a recurso de Comunidad Mapuche por reducci\u00f3n de espacio costero"},"content":{"rendered":"\n<p>La Corte Suprema confirm\u00f3 la sentencia de la Corte de Apelaciones de Puerto Montt que desestim\u00f3 el recurso de protecci\u00f3n presentado por la Comunidad Mapuche Huilliche Pepiukel\u00e9n contra la Subsecretar\u00eda para las Fuerzas Armadas y la Subsecretar\u00eda de Pesca y Acuicultura. La controversia surgi\u00f3 tras la reducci\u00f3n del pol\u00edgono del Espacio Costero Marino para Pueblos Originarios (ECMPO) Pargua.<\/p>\n\n\n\n<p>El recurso impugnaba la exclusi\u00f3n, sin justificaci\u00f3n legal, de parte de la playa y zonas que hab\u00edan sido previamente aprobadas y acreditadas por la Corporaci\u00f3n Nacional de Desarrollo Ind\u00edgena (CONADI) y la Comisi\u00f3n Regional de Uso del Borde Costero de Los Lagos, en el marco del Decreto Exento que otorg\u00f3 la destinaci\u00f3n mar\u00edtima del ECMPO.<\/p>\n\n\n\n<p>El tribunal aclar\u00f3 que la comunidad puede solicitar futuras modificaciones mediante los procedimientos legales correspondientes y destac\u00f3 que la aceptaci\u00f3n t\u00e1cita de los cambios por parte de la comunidad aplica la teor\u00eda de los actos propios, limitando as\u00ed el uso del recurso de protecci\u00f3n para exigir la restituci\u00f3n del espacio original.<\/p>\n\n\n\n<p>Finalmente no se constat\u00f3 una vulneraci\u00f3n ileg\u00edtima de derechos fundamentales, por lo que se confirm\u00f3 el rechazo del recurso.<\/p>\n\n\n\n<p>\ud83d\udcf7 Redes sociales<\/p>\n","protected":false},"excerpt":{"rendered":"<p>La Corte Suprema confirm\u00f3 la sentencia de la Corte de Apelaciones de Puerto Montt que desestim\u00f3 el recurso de protecci\u00f3n presentado por la Comunidad Mapuche Huilliche Pepiukel\u00e9n contra la Subsecretar\u00eda..<\/p>\n","protected":false},"author":2,"featured_media":11060,"comment_status":"closed","ping_status":"open","sticky":false,"template":"","format":"standard","meta":{"footnotes":""},"categories":[1,28],"tags":[],"class_list":["post-11059","post","type-post","status-publish","format-standard","has-post-thumbnail","hentry","category-acontecer","category-actual"],"rttpg_featured_image_url":{"full":["https:\/\/elconquistadorredloslagos.cl\/test\/wp-content\/uploads\/2025\/06\/img-23.jpg",1920,1080,false],"landscape":["https:\/\/elconquistadorredloslagos.cl\/test\/wp-content\/uploads\/2025\/06\/img-23.jpg",1920,1080,false],"portraits":["https:\/\/elconquistadorredloslagos.cl\/test\/wp-content\/uploads\/2025\/06\/img-23.jpg",1920,1080,false],"thumbnail":["https:\/\/elconquistadorredloslagos.cl\/test\/wp-content\/uploads\/2025\/06\/img-23-150x150.jpg",150,150,true],"medium":["https:\/\/elconquistadorredloslagos.cl\/test\/wp-content\/uploads\/2025\/06\/img-23-300x169.jpg",300,169,true],"large":["https:\/\/elconquistadorredloslagos.cl\/test\/wp-content\/uploads\/2025\/06\/img-23-1024x576.jpg",1024,576,true],"1536x1536":["https:\/\/elconquistadorredloslagos.cl\/test\/wp-content\/uploads\/2025\/06\/img-23-1536x864.jpg",1536,864,true],"2048x2048":["https:\/\/elconquistadorredloslagos.cl\/test\/wp-content\/uploads\/2025\/06\/img-23.jpg",1920,1080,false]},"rttpg_author":{"display_name":"ccardenas","author_link":"https:\/\/elconquistadorredloslagos.cl\/test\/blog\/author\/ccardenas\/"},"rttpg_comment":0,"rttpg_category":"<a href=\"https:\/\/elconquistadorredloslagos.cl\/test\/blog\/category\/actual\/acontecer\/\" rel=\"category tag\">Acontecer<\/a> <a href=\"https:\/\/elconquistadorredloslagos.cl\/test\/blog\/category\/actual\/\" rel=\"category tag\">Actualidad<\/a>","rttpg_excerpt":"La Corte Suprema confirm\u00f3 la sentencia de la Corte de Apelaciones de Puerto Montt que desestim\u00f3 el recurso de protecci\u00f3n presentado por la Comunidad Mapuche Huilliche Pepiukel\u00e9n contra la Subsecretar\u00eda..","_links":{"self":[{"href":"https:\/\/elconquistadorredloslagos.cl\/test\/wp-json\/wp\/v2\/posts\/11059","targetHints":{"allow":["GET"]}}],"collection":[{"href":"https:\/\/elconquistadorredloslagos.cl\/test\/wp-json\/wp\/v2\/posts"}],"about":[{"href":"https:\/\/elconquistadorredloslagos.cl\/test\/wp-json\/wp\/v2\/types\/post"}],"author":[{"embeddable":true,"href":"https:\/\/elconquistadorredloslagos.cl\/test\/wp-json\/wp\/v2\/users\/2"}],"replies":[{"embeddable":true,"href":"https:\/\/elconquistadorredloslagos.cl\/test\/wp-json\/wp\/v2\/comments?post=11059"}],"version-history":[{"count":1,"href":"https:\/\/elconquistadorredloslagos.cl\/test\/wp-json\/wp\/v2\/posts\/11059\/revisions"}],"predecessor-version":[{"id":11061,"href":"https:\/\/elconquistadorredloslagos.cl\/test\/wp-json\/wp\/v2\/posts\/11059\/revisions\/11061"}],"wp:featuredmedia":[{"embeddable":true,"href":"https:\/\/elconquistadorredloslagos.cl\/test\/wp-json\/wp\/v2\/media\/11060"}],"wp:attachment":[{"href":"https:\/\/elconquistadorredloslagos.cl\/test\/wp-json\/wp\/v2\/media?parent=11059"}],"wp:term":[{"taxonomy":"category","embeddable":true,"href":"https:\/\/elconquistadorredloslagos.cl\/test\/wp-json\/wp\/v2\/categories?post=11059"},{"taxonomy":"post_tag","embeddable":true,"href":"https:\/\/elconquistadorredloslagos.cl\/test\/wp-json\/wp\/v2\/tags?post=11059"}],"curies":[{"name":"wp","href":"https:\/\/api.w.org\/{rel}","templated":true}]}}