{"id":11054,"date":"2025-06-04T17:38:30","date_gmt":"2025-06-04T21:38:30","guid":{"rendered":"https:\/\/elconquistadorredloslagos.cl\/test\/?p=11054"},"modified":"2025-06-04T17:38:30","modified_gmt":"2025-06-04T21:38:30","slug":"cae-tras-ocho-anos-profugo-implicado-en-brutal-crimen-de-colectivero-en-puerto-montt","status":"publish","type":"post","link":"https:\/\/elconquistadorredloslagos.cl\/test\/blog\/2025\/06\/04\/cae-tras-ocho-anos-profugo-implicado-en-brutal-crimen-de-colectivero-en-puerto-montt\/","title":{"rendered":"Cae tras ocho a\u00f1os pr\u00f3fugo implicado en brutal crimen de colectivero en Puerto Montt"},"content":{"rendered":"\n<p>Ocho a\u00f1os despu\u00e9s de un crimen que conmocion\u00f3 a Puerto Montt, la Fiscal\u00eda logr\u00f3 la detenci\u00f3n de un sujeto acusado de participar en el robo con homicidio de un conductor de colectivo, hecho ocurrido en 2017.<\/p>\n\n\n\n<p>La fiscal Nathalie Johnson inform\u00f3 que el detenido fue formalizado por el delito de robo con homicidio y qued\u00f3 en prisi\u00f3n preventiva tras la audiencia judicial.<\/p>\n\n\n\n<figure class=\"wp-block-audio\"><audio controls src=\"https:\/\/elconquistadorredloslagos.cl\/test\/wp-content\/uploads\/2025\/06\/CUNA-FISCAL-PTO-MONTT.mp3\"><\/audio><\/figure>\n\n\n\n<p>El tr\u00e1gico episodio se remonta a 2017, cuando la v\u00edctima, un chofer de transporte p\u00fablico, fue asesinado en el contexto de un asalto. Por este mismo caso, ya exist\u00eda un condenado que cumple una pena de 20 a\u00f1os de c\u00e1rcel, sentencia obtenida tambi\u00e9n por el Ministerio P\u00fablico.<\/p>\n\n\n\n<p>La captura del imputado se concret\u00f3 luego de una larga investigaci\u00f3n dirigida por la Fiscal\u00eda de Puerto Montt, que permiti\u00f3 dar con el paradero del pr\u00f3fugo y cerrar una pieza pendiente de este crimen que marc\u00f3 a la capital de Los Lagos.<\/p>\n\n\n\n<p>\ud83d\udcf7 Redes sociales<\/p>\n","protected":false},"excerpt":{"rendered":"<p>Ocho a\u00f1os despu\u00e9s de un crimen que conmocion\u00f3 a Puerto Montt, la Fiscal\u00eda logr\u00f3 la detenci\u00f3n de un sujeto acusado de participar en el robo con homicidio de un conductor..<\/p>\n","protected":false},"author":2,"featured_media":11057,"comment_status":"closed","ping_status":"open","sticky":false,"template":"","format":"standard","meta":{"footnotes":""},"categories":[1,28,56],"tags":[],"class_list":["post-11054","post","type-post","status-publish","format-standard","has-post-thumbnail","hentry","category-acontecer","category-actual","category-puerto-montt"],"rttpg_featured_image_url":{"full":["https:\/\/elconquistadorredloslagos.cl\/test\/wp-content\/uploads\/2025\/06\/img-22.jpg",1920,1080,false],"landscape":["https:\/\/elconquistadorredloslagos.cl\/test\/wp-content\/uploads\/2025\/06\/img-22.jpg",1920,1080,false],"portraits":["https:\/\/elconquistadorredloslagos.cl\/test\/wp-content\/uploads\/2025\/06\/img-22.jpg",1920,1080,false],"thumbnail":["https:\/\/elconquistadorredloslagos.cl\/test\/wp-content\/uploads\/2025\/06\/img-22-150x150.jpg",150,150,true],"medium":["https:\/\/elconquistadorredloslagos.cl\/test\/wp-content\/uploads\/2025\/06\/img-22-300x169.jpg",300,169,true],"large":["https:\/\/elconquistadorredloslagos.cl\/test\/wp-content\/uploads\/2025\/06\/img-22-1024x576.jpg",1024,576,true],"1536x1536":["https:\/\/elconquistadorredloslagos.cl\/test\/wp-content\/uploads\/2025\/06\/img-22-1536x864.jpg",1536,864,true],"2048x2048":["https:\/\/elconquistadorredloslagos.cl\/test\/wp-content\/uploads\/2025\/06\/img-22.jpg",1920,1080,false]},"rttpg_author":{"display_name":"ccardenas","author_link":"https:\/\/elconquistadorredloslagos.cl\/test\/blog\/author\/ccardenas\/"},"rttpg_comment":0,"rttpg_category":"<a href=\"https:\/\/elconquistadorredloslagos.cl\/test\/blog\/category\/actual\/acontecer\/\" rel=\"category tag\">Acontecer<\/a> <a href=\"https:\/\/elconquistadorredloslagos.cl\/test\/blog\/category\/actual\/\" rel=\"category tag\">Actualidad<\/a> <a href=\"https:\/\/elconquistadorredloslagos.cl\/test\/blog\/category\/chile\/puerto-montt\/\" rel=\"category tag\">Puerto Montt<\/a>","rttpg_excerpt":"Ocho a\u00f1os despu\u00e9s de un crimen que conmocion\u00f3 a Puerto Montt, la Fiscal\u00eda logr\u00f3 la detenci\u00f3n de un sujeto acusado de participar en el robo con homicidio de un conductor..","_links":{"self":[{"href":"https:\/\/elconquistadorredloslagos.cl\/test\/wp-json\/wp\/v2\/posts\/11054","targetHints":{"allow":["GET"]}}],"collection":[{"href":"https:\/\/elconquistadorredloslagos.cl\/test\/wp-json\/wp\/v2\/posts"}],"about":[{"href":"https:\/\/elconquistadorredloslagos.cl\/test\/wp-json\/wp\/v2\/types\/post"}],"author":[{"embeddable":true,"href":"https:\/\/elconquistadorredloslagos.cl\/test\/wp-json\/wp\/v2\/users\/2"}],"replies":[{"embeddable":true,"href":"https:\/\/elconquistadorredloslagos.cl\/test\/wp-json\/wp\/v2\/comments?post=11054"}],"version-history":[{"count":1,"href":"https:\/\/elconquistadorredloslagos.cl\/test\/wp-json\/wp\/v2\/posts\/11054\/revisions"}],"predecessor-version":[{"id":11058,"href":"https:\/\/elconquistadorredloslagos.cl\/test\/wp-json\/wp\/v2\/posts\/11054\/revisions\/11058"}],"wp:featuredmedia":[{"embeddable":true,"href":"https:\/\/elconquistadorredloslagos.cl\/test\/wp-json\/wp\/v2\/media\/11057"}],"wp:attachment":[{"href":"https:\/\/elconquistadorredloslagos.cl\/test\/wp-json\/wp\/v2\/media?parent=11054"}],"wp:term":[{"taxonomy":"category","embeddable":true,"href":"https:\/\/elconquistadorredloslagos.cl\/test\/wp-json\/wp\/v2\/categories?post=11054"},{"taxonomy":"post_tag","embeddable":true,"href":"https:\/\/elconquistadorredloslagos.cl\/test\/wp-json\/wp\/v2\/tags?post=11054"}],"curies":[{"name":"wp","href":"https:\/\/api.w.org\/{rel}","templated":true}]}}