{"id":11050,"date":"2025-06-04T17:30:05","date_gmt":"2025-06-04T21:30:05","guid":{"rendered":"https:\/\/elconquistadorredloslagos.cl\/test\/?p=11050"},"modified":"2025-06-04T17:30:06","modified_gmt":"2025-06-04T21:30:06","slug":"voraz-incendio-en-castro-deja-a-nueve-damnificados-incluidos-cuatro-ninos","status":"publish","type":"post","link":"https:\/\/elconquistadorredloslagos.cl\/test\/blog\/2025\/06\/04\/voraz-incendio-en-castro-deja-a-nueve-damnificados-incluidos-cuatro-ninos\/","title":{"rendered":"Voraz incendio en Castro deja a nueve damnificados, incluidos cuatro ni\u00f1os"},"content":{"rendered":"\n<p>Un feroz incendio consumi\u00f3 por completo una vivienda en el sector rural de San Jos\u00e9, en la comuna de Castro dejando a nueve personas damnificadas, entre ellas cuatro menores de edad. El siniestro se origin\u00f3 pasadas las 21.30 horas de este martes, movilizando a unidades del Cuerpo de Bomberos tanto de la capital provincial como del sector de Ril\u00e1n, pertenecientes a la S\u00e9ptima Compa\u00f1\u00eda.<\/p>\n\n\n\n<p>Las llamas avanzaron r\u00e1pidamente, y pese al esfuerzo de los voluntarios, la vivienda fue destruida en su totalidad. Adem\u00e1s, un minimercado colindante sufri\u00f3 da\u00f1os estructurales, seg\u00fan inform\u00f3 el tercer comandante de Bomberos de Castro, Jaime Bustos.<\/p>\n\n\n\n<figure class=\"wp-block-audio\"><audio controls src=\"https:\/\/elconquistadorredloslagos.cl\/test\/wp-content\/uploads\/2025\/06\/CUNA-BOMBEROS-CASTRO1.mp3\"><\/audio><\/figure>\n\n\n\n<p>La emergencia dej\u00f3 a una familia entera sin hogar ni pertenencias. Los equipos de emergencia trabajaron intensamente durante varias horas para contener el fuego, cuyo origen a\u00fan se investiga. La distancia y la complejidad del acceso al lugar dificultaron las labores de control.<\/p>\n\n\n\n<p>\ud83d\udcf7 Redes sociales<\/p>\n","protected":false},"excerpt":{"rendered":"<p>Un feroz incendio consumi\u00f3 por completo una vivienda en el sector rural de San Jos\u00e9, en la comuna de Castro dejando a nueve personas damnificadas, entre ellas cuatro menores de..<\/p>\n","protected":false},"author":2,"featured_media":11052,"comment_status":"closed","ping_status":"open","sticky":false,"template":"","format":"standard","meta":{"footnotes":""},"categories":[1,28,51],"tags":[],"class_list":["post-11050","post","type-post","status-publish","format-standard","has-post-thumbnail","hentry","category-acontecer","category-actual","category-chiloe"],"rttpg_featured_image_url":{"full":["https:\/\/elconquistadorredloslagos.cl\/test\/wp-content\/uploads\/2025\/06\/img-21.jpg",1920,1080,false],"landscape":["https:\/\/elconquistadorredloslagos.cl\/test\/wp-content\/uploads\/2025\/06\/img-21.jpg",1920,1080,false],"portraits":["https:\/\/elconquistadorredloslagos.cl\/test\/wp-content\/uploads\/2025\/06\/img-21.jpg",1920,1080,false],"thumbnail":["https:\/\/elconquistadorredloslagos.cl\/test\/wp-content\/uploads\/2025\/06\/img-21-150x150.jpg",150,150,true],"medium":["https:\/\/elconquistadorredloslagos.cl\/test\/wp-content\/uploads\/2025\/06\/img-21-300x169.jpg",300,169,true],"large":["https:\/\/elconquistadorredloslagos.cl\/test\/wp-content\/uploads\/2025\/06\/img-21-1024x576.jpg",1024,576,true],"1536x1536":["https:\/\/elconquistadorredloslagos.cl\/test\/wp-content\/uploads\/2025\/06\/img-21-1536x864.jpg",1536,864,true],"2048x2048":["https:\/\/elconquistadorredloslagos.cl\/test\/wp-content\/uploads\/2025\/06\/img-21.jpg",1920,1080,false]},"rttpg_author":{"display_name":"ccardenas","author_link":"https:\/\/elconquistadorredloslagos.cl\/test\/blog\/author\/ccardenas\/"},"rttpg_comment":0,"rttpg_category":"<a href=\"https:\/\/elconquistadorredloslagos.cl\/test\/blog\/category\/actual\/acontecer\/\" rel=\"category tag\">Acontecer<\/a> <a href=\"https:\/\/elconquistadorredloslagos.cl\/test\/blog\/category\/actual\/\" rel=\"category tag\">Actualidad<\/a> <a href=\"https:\/\/elconquistadorredloslagos.cl\/test\/blog\/category\/chile\/chiloe\/\" rel=\"category tag\">Chilo\u00e9<\/a>","rttpg_excerpt":"Un feroz incendio consumi\u00f3 por completo una vivienda en el sector rural de San Jos\u00e9, en la comuna de Castro dejando a nueve personas damnificadas, entre ellas cuatro menores de..","_links":{"self":[{"href":"https:\/\/elconquistadorredloslagos.cl\/test\/wp-json\/wp\/v2\/posts\/11050","targetHints":{"allow":["GET"]}}],"collection":[{"href":"https:\/\/elconquistadorredloslagos.cl\/test\/wp-json\/wp\/v2\/posts"}],"about":[{"href":"https:\/\/elconquistadorredloslagos.cl\/test\/wp-json\/wp\/v2\/types\/post"}],"author":[{"embeddable":true,"href":"https:\/\/elconquistadorredloslagos.cl\/test\/wp-json\/wp\/v2\/users\/2"}],"replies":[{"embeddable":true,"href":"https:\/\/elconquistadorredloslagos.cl\/test\/wp-json\/wp\/v2\/comments?post=11050"}],"version-history":[{"count":1,"href":"https:\/\/elconquistadorredloslagos.cl\/test\/wp-json\/wp\/v2\/posts\/11050\/revisions"}],"predecessor-version":[{"id":11053,"href":"https:\/\/elconquistadorredloslagos.cl\/test\/wp-json\/wp\/v2\/posts\/11050\/revisions\/11053"}],"wp:featuredmedia":[{"embeddable":true,"href":"https:\/\/elconquistadorredloslagos.cl\/test\/wp-json\/wp\/v2\/media\/11052"}],"wp:attachment":[{"href":"https:\/\/elconquistadorredloslagos.cl\/test\/wp-json\/wp\/v2\/media?parent=11050"}],"wp:term":[{"taxonomy":"category","embeddable":true,"href":"https:\/\/elconquistadorredloslagos.cl\/test\/wp-json\/wp\/v2\/categories?post=11050"},{"taxonomy":"post_tag","embeddable":true,"href":"https:\/\/elconquistadorredloslagos.cl\/test\/wp-json\/wp\/v2\/tags?post=11050"}],"curies":[{"name":"wp","href":"https:\/\/api.w.org\/{rel}","templated":true}]}}