{"id":11041,"date":"2025-06-04T15:13:53","date_gmt":"2025-06-04T19:13:53","guid":{"rendered":"https:\/\/elconquistadorredloslagos.cl\/test\/?p=11041"},"modified":"2025-06-04T15:13:54","modified_gmt":"2025-06-04T19:13:54","slug":"megaobra-vial-en-chiloe-ya-tiene-un-interesado-firma-italiana-apuesta-por-millonario-proyecto","status":"publish","type":"post","link":"https:\/\/elconquistadorredloslagos.cl\/test\/blog\/2025\/06\/04\/megaobra-vial-en-chiloe-ya-tiene-un-interesado-firma-italiana-apuesta-por-millonario-proyecto\/","title":{"rendered":"Megaobra vial en Chilo\u00e9 ya tiene un interesado: firma italiana apuesta por millonario proyecto"},"content":{"rendered":"\n<p>Tras m\u00e1s de una d\u00e9cada de espera, la construcci\u00f3n de la anhelada doble v\u00eda entre Chacao y Chonchi en Chilo\u00e9 da un paso decisivo. Este mi\u00e9rcoles el Ministerio de Obras P\u00fablicas (MOP) confirm\u00f3 que solo el Grupo Costanera&nbsp; -consorcio de capitales italianos- present\u00f3 su propuesta t\u00e9cnica para desarrollar el ambicioso proyecto.<\/p>\n\n\n\n<p>La noticia marca un momento clave para el Archipi\u00e9lago, dado que se trata de una obra emblem\u00e1tica para mejorar la conectividad en el territorio insular. La licitaci\u00f3n contempla la construcci\u00f3n de 126 kil\u00f3metros de carretera en doble calzada, con un presupuesto estimado en 594 millones de d\u00f3lares.<\/p>\n\n\n\n<p>Ren\u00e9 Garc\u00e9s, alcalde de Quinchao y presidente de la Asociaci\u00f3n de Municipalidades de Chilo\u00e9, valor\u00f3 el avance del proceso, que comenz\u00f3 en 2013 y que ahora entra en su etapa m\u00e1s decisiva.<\/p>\n\n\n\n<figure class=\"wp-block-audio\"><audio controls src=\"https:\/\/elconquistadorredloslagos.cl\/test\/wp-content\/uploads\/2025\/06\/CUNA-RENE-GARCES.mp3\"><\/audio><\/figure>\n\n\n\n<p>En representaci\u00f3n del MOP, el seremi de la cartera en Los Lagos, Juan Fernando Alvarado, resalt\u00f3 el mejoramiento de la seguridad y el servicio vial.<\/p>\n\n\n\n<figure class=\"wp-block-audio\"><audio controls src=\"https:\/\/elconquistadorredloslagos.cl\/test\/wp-content\/uploads\/2025\/06\/CUNA-MOP.mp3\"><\/audio><\/figure>\n\n\n\n<p>En tanto el gobernador regional, Alejandro Santana, hizo hincapi\u00e9 en la urgencia de poder contar con esta iniciativa concretada lo antes posible, para el desarrollo de Chilo\u00e9.<\/p>\n\n\n\n<figure class=\"wp-block-audio\"><audio controls src=\"https:\/\/elconquistadorredloslagos.cl\/test\/wp-content\/uploads\/2025\/06\/CUNA-SANTANA-X-DOBLE-VIA-1OK.mp3\"><\/audio><\/figure>\n\n\n\n<p>Asimismo, el alcalde de Ancud y vicepresidente de la Asociaci\u00f3n de Municipalidades de Chilo\u00e9, Andr\u00e9s Ojeda, relev\u00f3 la trascendencia de lo vivido durante esta jornada.<\/p>\n\n\n\n<figure class=\"wp-block-audio\"><audio controls src=\"https:\/\/elconquistadorredloslagos.cl\/test\/wp-content\/uploads\/2025\/06\/CUNA-ANDRES-OJEDA-X-DOBLE-VIA-OK.mp3\"><\/audio><\/figure>\n\n\n\n<p>El proyecto incluye la construcci\u00f3n de un nuevo Puente sobre el R\u00edo Pudeto de 750 metros, otros seis puentes, mejoras en el trazado existente, seguridad vial, pasarelas con accesibilidad universal, \u00e1reas de servicio y atenci\u00f3n de emergencia, 14 enlaces desnivelados y variantes en localidades. A lo anterior se incorporar\u00e1 de forma innovadora pasos de fauna silvestre, promoviendo un desarrollo m\u00e1s sostenible.<\/p>\n\n\n\n<p>Tambi\u00e9n contempla rehabilitar infraestructura, 40 pasarelas peatonales, paraderos, ampliaci\u00f3n de bermas, drenaje, iluminaci\u00f3n y paisajismo, entre otros.<\/p>\n\n\n\n<p>De adjudicarse, los trabajos se iniciar\u00edan en 2028 y se extender\u00edan hasta 2033, consolidando una de las mayores intervenciones viales en la historia del sur de Chile.<\/p>\n\n\n\n<p>\ud83c\udfa5 El Ministerio de Obras P\u00fablicas mediante sus redes sociales, present\u00f3 por medio de un video la maqueta virtual de la anhelada iniciativa: <\/p>\n\n\n\n<figure class=\"wp-block-video\"><video height=\"720\" style=\"aspect-ratio: 1280 \/ 720;\" width=\"1280\" controls src=\"https:\/\/elconquistadorredloslagos.cl\/test\/wp-content\/uploads\/2025\/06\/VIDEO-MAQUETA.mp4\"><\/video><\/figure>\n","protected":false},"excerpt":{"rendered":"<p>Tras m\u00e1s de una d\u00e9cada de espera, la construcci\u00f3n de la anhelada doble v\u00eda entre Chacao y Chonchi en Chilo\u00e9 da un paso decisivo. Este mi\u00e9rcoles el Ministerio de Obras..<\/p>\n","protected":false},"author":2,"featured_media":11047,"comment_status":"closed","ping_status":"open","sticky":false,"template":"","format":"standard","meta":{"footnotes":""},"categories":[1,28,51,34,25,52],"tags":[],"class_list":["post-11041","post","type-post","status-publish","format-standard","has-post-thumbnail","hentry","category-acontecer","category-actual","category-chiloe","category-cultura","category-empresas","category-chile"],"rttpg_featured_image_url":{"full":["https:\/\/elconquistadorredloslagos.cl\/test\/wp-content\/uploads\/2025\/06\/img-20.jpg",1280,720,false],"landscape":["https:\/\/elconquistadorredloslagos.cl\/test\/wp-content\/uploads\/2025\/06\/img-20.jpg",1280,720,false],"portraits":["https:\/\/elconquistadorredloslagos.cl\/test\/wp-content\/uploads\/2025\/06\/img-20.jpg",1280,720,false],"thumbnail":["https:\/\/elconquistadorredloslagos.cl\/test\/wp-content\/uploads\/2025\/06\/img-20-150x150.jpg",150,150,true],"medium":["https:\/\/elconquistadorredloslagos.cl\/test\/wp-content\/uploads\/2025\/06\/img-20-300x169.jpg",300,169,true],"large":["https:\/\/elconquistadorredloslagos.cl\/test\/wp-content\/uploads\/2025\/06\/img-20-1024x576.jpg",1024,576,true],"1536x1536":["https:\/\/elconquistadorredloslagos.cl\/test\/wp-content\/uploads\/2025\/06\/img-20.jpg",1280,720,false],"2048x2048":["https:\/\/elconquistadorredloslagos.cl\/test\/wp-content\/uploads\/2025\/06\/img-20.jpg",1280,720,false]},"rttpg_author":{"display_name":"ccardenas","author_link":"https:\/\/elconquistadorredloslagos.cl\/test\/blog\/author\/ccardenas\/"},"rttpg_comment":0,"rttpg_category":"<a href=\"https:\/\/elconquistadorredloslagos.cl\/test\/blog\/category\/actual\/acontecer\/\" rel=\"category tag\">Acontecer<\/a> <a href=\"https:\/\/elconquistadorredloslagos.cl\/test\/blog\/category\/actual\/\" rel=\"category tag\">Actualidad<\/a> <a href=\"https:\/\/elconquistadorredloslagos.cl\/test\/blog\/category\/chile\/chiloe\/\" rel=\"category tag\">Chilo\u00e9<\/a> <a href=\"https:\/\/elconquistadorredloslagos.cl\/test\/blog\/category\/cultura\/\" rel=\"category tag\">Cultural<\/a> <a href=\"https:\/\/elconquistadorredloslagos.cl\/test\/blog\/category\/empresas\/\" rel=\"category tag\">Empresarial<\/a> <a href=\"https:\/\/elconquistadorredloslagos.cl\/test\/blog\/category\/chile\/\" rel=\"category tag\">Nacional<\/a>","rttpg_excerpt":"Tras m\u00e1s de una d\u00e9cada de espera, la construcci\u00f3n de la anhelada doble v\u00eda entre Chacao y Chonchi en Chilo\u00e9 da un paso decisivo. Este mi\u00e9rcoles el Ministerio de Obras..","_links":{"self":[{"href":"https:\/\/elconquistadorredloslagos.cl\/test\/wp-json\/wp\/v2\/posts\/11041","targetHints":{"allow":["GET"]}}],"collection":[{"href":"https:\/\/elconquistadorredloslagos.cl\/test\/wp-json\/wp\/v2\/posts"}],"about":[{"href":"https:\/\/elconquistadorredloslagos.cl\/test\/wp-json\/wp\/v2\/types\/post"}],"author":[{"embeddable":true,"href":"https:\/\/elconquistadorredloslagos.cl\/test\/wp-json\/wp\/v2\/users\/2"}],"replies":[{"embeddable":true,"href":"https:\/\/elconquistadorredloslagos.cl\/test\/wp-json\/wp\/v2\/comments?post=11041"}],"version-history":[{"count":1,"href":"https:\/\/elconquistadorredloslagos.cl\/test\/wp-json\/wp\/v2\/posts\/11041\/revisions"}],"predecessor-version":[{"id":11048,"href":"https:\/\/elconquistadorredloslagos.cl\/test\/wp-json\/wp\/v2\/posts\/11041\/revisions\/11048"}],"wp:featuredmedia":[{"embeddable":true,"href":"https:\/\/elconquistadorredloslagos.cl\/test\/wp-json\/wp\/v2\/media\/11047"}],"wp:attachment":[{"href":"https:\/\/elconquistadorredloslagos.cl\/test\/wp-json\/wp\/v2\/media?parent=11041"}],"wp:term":[{"taxonomy":"category","embeddable":true,"href":"https:\/\/elconquistadorredloslagos.cl\/test\/wp-json\/wp\/v2\/categories?post=11041"},{"taxonomy":"post_tag","embeddable":true,"href":"https:\/\/elconquistadorredloslagos.cl\/test\/wp-json\/wp\/v2\/tags?post=11041"}],"curies":[{"name":"wp","href":"https:\/\/api.w.org\/{rel}","templated":true}]}}