{"id":11034,"date":"2025-06-04T13:12:58","date_gmt":"2025-06-04T17:12:58","guid":{"rendered":"https:\/\/elconquistadorredloslagos.cl\/test\/?p=11034"},"modified":"2025-06-04T16:55:24","modified_gmt":"2025-06-04T20:55:24","slug":"proyecto-de-doble-via-en-chiloe-avanza-con-importante-hito-grupo-costanera-spa-presenta-oferta-tecnica","status":"publish","type":"post","link":"https:\/\/elconquistadorredloslagos.cl\/test\/blog\/2025\/06\/04\/proyecto-de-doble-via-en-chiloe-avanza-con-importante-hito-grupo-costanera-spa-presenta-oferta-tecnica\/","title":{"rendered":"Proyecto de doble v\u00eda en Chilo\u00e9 avanza con importante hito: Grupo Costanera SPA presenta oferta t\u00e9cnica"},"content":{"rendered":"\n<p>Una excelente noticia para la conectividad y el desarrollo de Chilo\u00e9 se confirm\u00f3 esta semana: el grupo Costanera SPA present\u00f3 oficialmente su oferta t\u00e9cnica para la construcci\u00f3n de la tan esperada doble v\u00eda para el Archipi\u00e9lago de Chilo\u00e9, una megaobra que representa un paso clave hacia una infraestructura vial m\u00e1s segura, moderna y eficiente en la isla.<\/p>\n\n\n\n<p>El proyecto, que ha sido largamente demandado por las comunidades locales, no solo reducir\u00e1 los tiempos de traslado y aumentar\u00e1 la seguridad en las rutas, sino que tambi\u00e9n generar\u00e1 una importante rentabilidad social, conectando de mejor manera a los habitantes de la provincia, facilitando el acceso a servicios b\u00e1sicos y potenciando el turismo, el comercio y la actividad productiva.<\/p>\n\n\n\n<p>La pr\u00f3xima fecha clave ser\u00e1 el viernes 4 de julio, cuando se espera que se abran las ofertas econ\u00f3micas, idealmente en la misma isla, lo que reforzar\u00eda el compromiso con el territorio y su gente.<\/p>\n\n\n\n<p>El alcalde de Queilen, Marcos Vargas, celebr\u00f3 este avance se\u00f1alando:<\/p>\n\n\n\n<p>\u201cLa presentaci\u00f3n de la oferta t\u00e9cnica es una se\u00f1al potente de que este sue\u00f1o de d\u00e9cadas comienza a tomar forma concreta. Este proyecto no solo une caminos, tambi\u00e9n une comunidades, y marca un antes y un despu\u00e9s para el desarrollo integral de Chilo\u00e9. Esperamos que las ofertas econ\u00f3micas se abran en la isla, como muestra de respeto a nuestra gente y territorio.\u201d<\/p>\n\n\n\n<p>La futura doble v\u00eda se perfila como una obra de alto impacto que transformar\u00e1 la movilidad interna del archipi\u00e9lago, con efectos positivos directos en la calidad de vida de miles de chilotes.<\/p>\n\n\n\n<p>M\u00e1s detalles en el siguiente registro por parte del jefe comunal:<\/p>\n\n\n\n<figure class=\"wp-block-embed is-type-rich is-provider-gestor-del-servicio wp-block-embed-gestor-del-servicio\"><div class=\"wp-block-embed__wrapper\">\n<div style=\"width: 640px;\" class=\"wp-video\"><video class=\"wp-video-shortcode\" id=\"video-11034-1\" width=\"640\" height=\"360\" preload=\"metadata\" controls=\"controls\"><source type=\"video\/mp4\" src=\"https:\/\/elconquistadorredloslagos.cl\/test\/md\/videocu\u00f1amarcosvargas.mp4?_=1\" \/><a href=\"https:\/\/elconquistadorredloslagos.cl\/test\/md\/videocu\u00f1amarcosvargas.mp4\">https:\/\/elconquistadorredloslagos.cl\/test\/md\/videocu\u00f1amarcosvargas.mp4<\/a><\/video><\/div>\n<\/div><\/figure>\n\n\n\n<p>\ud83d\udcf7 \ud83c\udfa5 <a href=\"https:\/\/www.facebook.com\/muni.queilen.96?__cft__[0]=AZXshPeUeGbqHl5TG7p53g3aOTw8crc6AvEv9bmsKE4rHns_H9JxtXJwogNo20r5H5QTx6hw6WI7PvwFEuet-Togq1GOEEA85y6fBSs77sJosUhp54xYBMOVPSMECRvN1E1x6CCia3WAIqbbRB3xdMQ2kSdhrv9w_HSCxlAnOnRItq-DUA70n5sNHhwGnrSpK4D3zmw0eVNr5YXNpmoNDSYSUEP_YJMyYC1K10GIeYs5MQ&amp;__tn__=-UC%2CP-R\"><strong>Muni Queilen<\/strong><\/a> &#8211; Facebook<\/p>\n","protected":false},"excerpt":{"rendered":"<p>Una excelente noticia para la conectividad y el desarrollo de Chilo\u00e9 se confirm\u00f3 esta semana: el grupo Costanera SPA present\u00f3 oficialmente su oferta t\u00e9cnica para la construcci\u00f3n de la tan..<\/p>\n","protected":false},"author":2,"featured_media":11035,"comment_status":"closed","ping_status":"open","sticky":false,"template":"","format":"standard","meta":{"footnotes":""},"categories":[1,28,51,25,52],"tags":[],"class_list":["post-11034","post","type-post","status-publish","format-standard","has-post-thumbnail","hentry","category-acontecer","category-actual","category-chiloe","category-empresas","category-chile"],"rttpg_featured_image_url":{"full":["https:\/\/elconquistadorredloslagos.cl\/test\/wp-content\/uploads\/2025\/06\/img-18.jpg",1920,1080,false],"landscape":["https:\/\/elconquistadorredloslagos.cl\/test\/wp-content\/uploads\/2025\/06\/img-18.jpg",1920,1080,false],"portraits":["https:\/\/elconquistadorredloslagos.cl\/test\/wp-content\/uploads\/2025\/06\/img-18.jpg",1920,1080,false],"thumbnail":["https:\/\/elconquistadorredloslagos.cl\/test\/wp-content\/uploads\/2025\/06\/img-18-150x150.jpg",150,150,true],"medium":["https:\/\/elconquistadorredloslagos.cl\/test\/wp-content\/uploads\/2025\/06\/img-18-300x169.jpg",300,169,true],"large":["https:\/\/elconquistadorredloslagos.cl\/test\/wp-content\/uploads\/2025\/06\/img-18-1024x576.jpg",1024,576,true],"1536x1536":["https:\/\/elconquistadorredloslagos.cl\/test\/wp-content\/uploads\/2025\/06\/img-18-1536x864.jpg",1536,864,true],"2048x2048":["https:\/\/elconquistadorredloslagos.cl\/test\/wp-content\/uploads\/2025\/06\/img-18.jpg",1920,1080,false]},"rttpg_author":{"display_name":"ccardenas","author_link":"https:\/\/elconquistadorredloslagos.cl\/test\/blog\/author\/ccardenas\/"},"rttpg_comment":0,"rttpg_category":"<a href=\"https:\/\/elconquistadorredloslagos.cl\/test\/blog\/category\/actual\/acontecer\/\" rel=\"category tag\">Acontecer<\/a> <a href=\"https:\/\/elconquistadorredloslagos.cl\/test\/blog\/category\/actual\/\" rel=\"category tag\">Actualidad<\/a> <a href=\"https:\/\/elconquistadorredloslagos.cl\/test\/blog\/category\/chile\/chiloe\/\" rel=\"category tag\">Chilo\u00e9<\/a> <a href=\"https:\/\/elconquistadorredloslagos.cl\/test\/blog\/category\/empresas\/\" rel=\"category tag\">Empresarial<\/a> <a href=\"https:\/\/elconquistadorredloslagos.cl\/test\/blog\/category\/chile\/\" rel=\"category tag\">Nacional<\/a>","rttpg_excerpt":"Una excelente noticia para la conectividad y el desarrollo de Chilo\u00e9 se confirm\u00f3 esta semana: el grupo Costanera SPA present\u00f3 oficialmente su oferta t\u00e9cnica para la construcci\u00f3n de la tan..","_links":{"self":[{"href":"https:\/\/elconquistadorredloslagos.cl\/test\/wp-json\/wp\/v2\/posts\/11034","targetHints":{"allow":["GET"]}}],"collection":[{"href":"https:\/\/elconquistadorredloslagos.cl\/test\/wp-json\/wp\/v2\/posts"}],"about":[{"href":"https:\/\/elconquistadorredloslagos.cl\/test\/wp-json\/wp\/v2\/types\/post"}],"author":[{"embeddable":true,"href":"https:\/\/elconquistadorredloslagos.cl\/test\/wp-json\/wp\/v2\/users\/2"}],"replies":[{"embeddable":true,"href":"https:\/\/elconquistadorredloslagos.cl\/test\/wp-json\/wp\/v2\/comments?post=11034"}],"version-history":[{"count":2,"href":"https:\/\/elconquistadorredloslagos.cl\/test\/wp-json\/wp\/v2\/posts\/11034\/revisions"}],"predecessor-version":[{"id":11049,"href":"https:\/\/elconquistadorredloslagos.cl\/test\/wp-json\/wp\/v2\/posts\/11034\/revisions\/11049"}],"wp:featuredmedia":[{"embeddable":true,"href":"https:\/\/elconquistadorredloslagos.cl\/test\/wp-json\/wp\/v2\/media\/11035"}],"wp:attachment":[{"href":"https:\/\/elconquistadorredloslagos.cl\/test\/wp-json\/wp\/v2\/media?parent=11034"}],"wp:term":[{"taxonomy":"category","embeddable":true,"href":"https:\/\/elconquistadorredloslagos.cl\/test\/wp-json\/wp\/v2\/categories?post=11034"},{"taxonomy":"post_tag","embeddable":true,"href":"https:\/\/elconquistadorredloslagos.cl\/test\/wp-json\/wp\/v2\/tags?post=11034"}],"curies":[{"name":"wp","href":"https:\/\/api.w.org\/{rel}","templated":true}]}}