{"id":11031,"date":"2025-06-04T11:53:24","date_gmt":"2025-06-04T15:53:24","guid":{"rendered":"https:\/\/elconquistadorredloslagos.cl\/test\/?p=11031"},"modified":"2025-06-04T11:53:25","modified_gmt":"2025-06-04T15:53:25","slug":"municipio-de-puerto-montt-llama-a-votar-para-elegir-el-hito-cero-de-la-carretera-austral","status":"publish","type":"post","link":"https:\/\/elconquistadorredloslagos.cl\/test\/blog\/2025\/06\/04\/municipio-de-puerto-montt-llama-a-votar-para-elegir-el-hito-cero-de-la-carretera-austral\/","title":{"rendered":"Municipio de Puerto Montt llama a votar para elegir el Hito Cero de la Carretera Austral"},"content":{"rendered":"\n<p>La Municipalidad de Puerto Montt hizo un llamado a la comunidad a participar en la elecci\u00f3n del nuevo Hito Cero de la Carretera Austral, luego que fueran seleccionadas las propuestas finales que pasar\u00e1n, en julio, a la etapa de participaci\u00f3n ciudadana para elegir el \u00edcono de esta emblem\u00e1tica ruta que nace en la capital de la Regi\u00f3n de Los Lagos.<\/p>\n\n\n\n<p>El Ministerio de Obras P\u00fablicas anunci\u00f3 en octubre de 2024 la iniciativa abierta al p\u00fablico para dise\u00f1ar un nuevo hito para esta v\u00eda, cuya extensi\u00f3n de m\u00e1s de 1.200 km recorre las regiones de Los Lagos y Ays\u00e9n.<\/p>\n\n\n\n<p>De 63 propuestas iniciales se pas\u00f3 a una segunda etapa con 33 opciones, y el martes el jurado liderado por la delegada presidencial, Paulina Mu\u00f1oz, defini\u00f3 las ideas que competir\u00e1n por transformarse en el \u00edcono de inicio de la Carretera Austral.<\/p>\n\n\n\n<p>El alcalde de Puerto Montt, Rodrigo Wainraihgt, record\u00f3 que en julio de 2024 present\u00f3 una propuesta para relevar el Hito Cero, la que luego fue parte de su programa de gobierno durante la campa\u00f1a, y que posteriormente apoy\u00f3 cuando el MOP se hizo cargo de levantar la iniciativa.<\/p>\n\n\n\n<p>\u201cSe trata de un trabajo que ven\u00edamos realizando ya hace mucho tiempo, del que tambi\u00e9n fue parte el concejal Fernando Binder, en que efectivamente quer\u00edamos establecer un Hito Cero distinto, que marque el inicio de la Carretera Austral, pero que tambi\u00e9n se transforme en un punto tur\u00edstico importante de nuestra ciudad de Puerto Montt\u201d, manifest\u00f3.<\/p>\n\n\n\n<p>El jefe comunal llam\u00f3 a la ciudadan\u00eda a participar activamente de la votaci\u00f3n que se realizar\u00e1 en julio, para que la opini\u00f3n de los puertomontinos sea decisiva en la elecci\u00f3n del atractivo tur\u00edstico que da inicio a la Carretera Austral.<\/p>\n\n\n\n<p>\u201cHoy ya tenemos los dise\u00f1os finales y lo m\u00e1s importante, que es algo que nosotros exigimos desde la alcald\u00eda, es la consulta y participaci\u00f3n ciudadana y que sean los puertomontinos quienes elijan. El \u00faltimo dise\u00f1o que se ejecutar\u00e1 en Puerto Montt tiene que decir tambi\u00e9n relaci\u00f3n con nuestra identidad\u201d, indic\u00f3.<\/p>\n\n\n\n<p>Destino tur\u00edstico internacional<\/p>\n\n\n\n<p>Fue a partir de 1976 que el proyecto de unir por tierra las regiones de los Lagos y de Ays\u00e9n comenz\u00f3 a desarrollarse. Hoy es uno de los principales destinos tur\u00edsticos a nivel nacional e internacional.<\/p>\n\n\n\n<p>En marzo de 2025, la BBC de Londres la nombr\u00f3 una de las seis rutas m\u00e1s extraordinarias del mundo. Tambi\u00e9n los World Travel Awards la definieron como Mejor Destino de Turismo de Aventura, en tanto que el diario El Pa\u00eds la considera como la ruta m\u00e1s bella y salvaje de la Patagonia chilena.<\/p>\n\n\n\n<p>De acuerdo con la categorizaci\u00f3n de Sernatur, el destino cuenta con m\u00e1s de 240 atractivos tur\u00edsticos, varios de ellos catalogados de nivel internacional.<\/p>\n","protected":false},"excerpt":{"rendered":"<p>La Municipalidad de Puerto Montt hizo un llamado a la comunidad a participar en la elecci\u00f3n del nuevo Hito Cero de la Carretera Austral, luego que fueran seleccionadas las propuestas..<\/p>\n","protected":false},"author":7,"featured_media":11032,"comment_status":"closed","ping_status":"open","sticky":false,"template":"","format":"standard","meta":{"footnotes":""},"categories":[28,26,56],"tags":[],"class_list":["post-11031","post","type-post","status-publish","format-standard","has-post-thumbnail","hentry","category-actual","category-comunidad","category-puerto-montt"],"rttpg_featured_image_url":{"full":["https:\/\/elconquistadorredloslagos.cl\/test\/wp-content\/uploads\/2025\/06\/hito-0-carretera-austral.png",1920,1080,false],"landscape":["https:\/\/elconquistadorredloslagos.cl\/test\/wp-content\/uploads\/2025\/06\/hito-0-carretera-austral.png",1920,1080,false],"portraits":["https:\/\/elconquistadorredloslagos.cl\/test\/wp-content\/uploads\/2025\/06\/hito-0-carretera-austral.png",1920,1080,false],"thumbnail":["https:\/\/elconquistadorredloslagos.cl\/test\/wp-content\/uploads\/2025\/06\/hito-0-carretera-austral-150x150.png",150,150,true],"medium":["https:\/\/elconquistadorredloslagos.cl\/test\/wp-content\/uploads\/2025\/06\/hito-0-carretera-austral-300x169.png",300,169,true],"large":["https:\/\/elconquistadorredloslagos.cl\/test\/wp-content\/uploads\/2025\/06\/hito-0-carretera-austral-1024x576.png",1024,576,true],"1536x1536":["https:\/\/elconquistadorredloslagos.cl\/test\/wp-content\/uploads\/2025\/06\/hito-0-carretera-austral-1536x864.png",1536,864,true],"2048x2048":["https:\/\/elconquistadorredloslagos.cl\/test\/wp-content\/uploads\/2025\/06\/hito-0-carretera-austral.png",1920,1080,false]},"rttpg_author":{"display_name":"enzodelahoz1988","author_link":"https:\/\/elconquistadorredloslagos.cl\/test\/blog\/author\/enzodelahoz1988\/"},"rttpg_comment":0,"rttpg_category":"<a href=\"https:\/\/elconquistadorredloslagos.cl\/test\/blog\/category\/actual\/\" rel=\"category tag\">Actualidad<\/a> <a href=\"https:\/\/elconquistadorredloslagos.cl\/test\/blog\/category\/comunidad\/\" rel=\"category tag\">Comunidad<\/a> <a href=\"https:\/\/elconquistadorredloslagos.cl\/test\/blog\/category\/chile\/puerto-montt\/\" rel=\"category tag\">Puerto Montt<\/a>","rttpg_excerpt":"La Municipalidad de Puerto Montt hizo un llamado a la comunidad a participar en la elecci\u00f3n del nuevo Hito Cero de la Carretera Austral, luego que fueran seleccionadas las propuestas..","_links":{"self":[{"href":"https:\/\/elconquistadorredloslagos.cl\/test\/wp-json\/wp\/v2\/posts\/11031","targetHints":{"allow":["GET"]}}],"collection":[{"href":"https:\/\/elconquistadorredloslagos.cl\/test\/wp-json\/wp\/v2\/posts"}],"about":[{"href":"https:\/\/elconquistadorredloslagos.cl\/test\/wp-json\/wp\/v2\/types\/post"}],"author":[{"embeddable":true,"href":"https:\/\/elconquistadorredloslagos.cl\/test\/wp-json\/wp\/v2\/users\/7"}],"replies":[{"embeddable":true,"href":"https:\/\/elconquistadorredloslagos.cl\/test\/wp-json\/wp\/v2\/comments?post=11031"}],"version-history":[{"count":1,"href":"https:\/\/elconquistadorredloslagos.cl\/test\/wp-json\/wp\/v2\/posts\/11031\/revisions"}],"predecessor-version":[{"id":11033,"href":"https:\/\/elconquistadorredloslagos.cl\/test\/wp-json\/wp\/v2\/posts\/11031\/revisions\/11033"}],"wp:featuredmedia":[{"embeddable":true,"href":"https:\/\/elconquistadorredloslagos.cl\/test\/wp-json\/wp\/v2\/media\/11032"}],"wp:attachment":[{"href":"https:\/\/elconquistadorredloslagos.cl\/test\/wp-json\/wp\/v2\/media?parent=11031"}],"wp:term":[{"taxonomy":"category","embeddable":true,"href":"https:\/\/elconquistadorredloslagos.cl\/test\/wp-json\/wp\/v2\/categories?post=11031"},{"taxonomy":"post_tag","embeddable":true,"href":"https:\/\/elconquistadorredloslagos.cl\/test\/wp-json\/wp\/v2\/tags?post=11031"}],"curies":[{"name":"wp","href":"https:\/\/api.w.org\/{rel}","templated":true}]}}