{"id":11026,"date":"2025-06-03T15:04:45","date_gmt":"2025-06-03T19:04:45","guid":{"rendered":"https:\/\/elconquistadorredloslagos.cl\/test\/?p=11026"},"modified":"2025-06-03T15:04:46","modified_gmt":"2025-06-03T19:04:46","slug":"tras-15-anos-de-espera-municipalidad-de-puerto-montt-repara-pavimento-en-presidente-ibanez","status":"publish","type":"post","link":"https:\/\/elconquistadorredloslagos.cl\/test\/blog\/2025\/06\/03\/tras-15-anos-de-espera-municipalidad-de-puerto-montt-repara-pavimento-en-presidente-ibanez\/","title":{"rendered":"Tras 15 a\u00f1os de espera, Municipalidad de Puerto Montt repara pavimento en Presidente Ib\u00e1\u00f1ez"},"content":{"rendered":"\n<h5 class=\"wp-block-heading\"><em>Con el corte de tr\u00e1nsito para los veh\u00edculos que se dirigen por avenida Presidente Ib\u00e1\u00f1ez hacia Mirasol, la Municipalidad de Puerto Montt inici\u00f3 este lunes, luego de casi 15 a\u00f1os de espera, la reparaci\u00f3n del pavimento en ese sector cercano al centro comercial de Cardonal.<\/em><\/h5>\n\n\n\n<p>El lugar fue visitado esta jornada por el alcalde Rodrigo Wainraihgt Galilea y por el coordinador del Departamento de Tr\u00e1nsito, Pablo Tropa.<\/p>\n\n\n\n<p>Al respecto, el jefe comunal recalc\u00f3 que esta rotura en el pavimento lleva a\u00f1os sin una soluci\u00f3n y \u201choy ya empezamos a repararlo dentro de este plan de mejoras viales que tenemos en Puerto Montt, y tambi\u00e9n pedirles paciencia a nuestros vecinos porque aqu\u00ed se van a realizar algunos cortes\u201d.<\/p>\n\n\n\n<p>Cambios en el tr\u00e1nsito<\/p>\n\n\n\n<p>La autoridad remarc\u00f3 que los cortes y desv\u00edos son necesarios para realizar los arreglos, tal como ocurri\u00f3 en otros sectores emblem\u00e1ticos como avenida Gabriela Mistral en Alerce o la calle Ecuador en el Barrio Puerto.<\/p>\n\n\n\n<p>Pablo Tropa explic\u00f3 que el \u00e1rea que se va intervenir implicar\u00e1 un corte de tr\u00e1nsito. Debido a ello, los veh\u00edculos que se dirijan por Presidente Ib\u00e1\u00f1ez hacia Las Camelias en Mirasol deber\u00e1n utilizar rutas alternativas. En concreto, se sugiere girar hacia la izquierda para seguir por calle Las Quemas en direcci\u00f3n al sur y continuar por calle Fortuoso, para luego retomar el trayecto hacia Mirasol.<\/p>\n\n\n\n<p>Los veh\u00edculos que se dirijan por Ib\u00e1\u00f1ez hacia el este no ver\u00e1n afectado el tr\u00e1fico.<\/p>\n\n\n\n<p>La empresa a cargo de los trabajos -GyM- instalar\u00e1 tambi\u00e9n la se\u00f1al\u00e9tica para informar a los automovilistas y peatones.<\/p>\n\n\n\n<p>\u201cVa a estar todo bien se\u00f1alizado para ver por d\u00f3nde pueden circular. En 60 d\u00edas esperamos que ya est\u00e9 todo reparado y retomar el flujo de manera normal\u201d, expres\u00f3 Pablo Tropa.<\/p>\n\n\n\n<p>Desde la Municipalidad de Puerto Montt se hizo un llamado a la comunidad a mantener la paciencia y comprensi\u00f3n ante estas molestias temporales, recalcando que los trabajos son necesarios para mejorar la infraestructura vial de la comuna.<\/p>\n","protected":false},"excerpt":{"rendered":"<p>Con el corte de tr\u00e1nsito para los veh\u00edculos que se dirigen por avenida Presidente Ib\u00e1\u00f1ez hacia Mirasol, la Municipalidad de Puerto Montt inici\u00f3 este lunes, luego de casi 15 a\u00f1os..<\/p>\n","protected":false},"author":7,"featured_media":11027,"comment_status":"closed","ping_status":"open","sticky":false,"template":"","format":"standard","meta":{"footnotes":""},"categories":[28,56],"tags":[],"class_list":["post-11026","post","type-post","status-publish","format-standard","has-post-thumbnail","hentry","category-actual","category-puerto-montt"],"rttpg_featured_image_url":{"full":["https:\/\/elconquistadorredloslagos.cl\/test\/wp-content\/uploads\/2025\/06\/calle-presidente-ibanez-cardonal.png",1920,1080,false],"landscape":["https:\/\/elconquistadorredloslagos.cl\/test\/wp-content\/uploads\/2025\/06\/calle-presidente-ibanez-cardonal.png",1920,1080,false],"portraits":["https:\/\/elconquistadorredloslagos.cl\/test\/wp-content\/uploads\/2025\/06\/calle-presidente-ibanez-cardonal.png",1920,1080,false],"thumbnail":["https:\/\/elconquistadorredloslagos.cl\/test\/wp-content\/uploads\/2025\/06\/calle-presidente-ibanez-cardonal-150x150.png",150,150,true],"medium":["https:\/\/elconquistadorredloslagos.cl\/test\/wp-content\/uploads\/2025\/06\/calle-presidente-ibanez-cardonal-300x169.png",300,169,true],"large":["https:\/\/elconquistadorredloslagos.cl\/test\/wp-content\/uploads\/2025\/06\/calle-presidente-ibanez-cardonal-1024x576.png",1024,576,true],"1536x1536":["https:\/\/elconquistadorredloslagos.cl\/test\/wp-content\/uploads\/2025\/06\/calle-presidente-ibanez-cardonal-1536x864.png",1536,864,true],"2048x2048":["https:\/\/elconquistadorredloslagos.cl\/test\/wp-content\/uploads\/2025\/06\/calle-presidente-ibanez-cardonal.png",1920,1080,false]},"rttpg_author":{"display_name":"enzodelahoz1988","author_link":"https:\/\/elconquistadorredloslagos.cl\/test\/blog\/author\/enzodelahoz1988\/"},"rttpg_comment":0,"rttpg_category":"<a href=\"https:\/\/elconquistadorredloslagos.cl\/test\/blog\/category\/actual\/\" rel=\"category tag\">Actualidad<\/a> <a href=\"https:\/\/elconquistadorredloslagos.cl\/test\/blog\/category\/chile\/puerto-montt\/\" rel=\"category tag\">Puerto Montt<\/a>","rttpg_excerpt":"Con el corte de tr\u00e1nsito para los veh\u00edculos que se dirigen por avenida Presidente Ib\u00e1\u00f1ez hacia Mirasol, la Municipalidad de Puerto Montt inici\u00f3 este lunes, luego de casi 15 a\u00f1os..","_links":{"self":[{"href":"https:\/\/elconquistadorredloslagos.cl\/test\/wp-json\/wp\/v2\/posts\/11026","targetHints":{"allow":["GET"]}}],"collection":[{"href":"https:\/\/elconquistadorredloslagos.cl\/test\/wp-json\/wp\/v2\/posts"}],"about":[{"href":"https:\/\/elconquistadorredloslagos.cl\/test\/wp-json\/wp\/v2\/types\/post"}],"author":[{"embeddable":true,"href":"https:\/\/elconquistadorredloslagos.cl\/test\/wp-json\/wp\/v2\/users\/7"}],"replies":[{"embeddable":true,"href":"https:\/\/elconquistadorredloslagos.cl\/test\/wp-json\/wp\/v2\/comments?post=11026"}],"version-history":[{"count":1,"href":"https:\/\/elconquistadorredloslagos.cl\/test\/wp-json\/wp\/v2\/posts\/11026\/revisions"}],"predecessor-version":[{"id":11028,"href":"https:\/\/elconquistadorredloslagos.cl\/test\/wp-json\/wp\/v2\/posts\/11026\/revisions\/11028"}],"wp:featuredmedia":[{"embeddable":true,"href":"https:\/\/elconquistadorredloslagos.cl\/test\/wp-json\/wp\/v2\/media\/11027"}],"wp:attachment":[{"href":"https:\/\/elconquistadorredloslagos.cl\/test\/wp-json\/wp\/v2\/media?parent=11026"}],"wp:term":[{"taxonomy":"category","embeddable":true,"href":"https:\/\/elconquistadorredloslagos.cl\/test\/wp-json\/wp\/v2\/categories?post=11026"},{"taxonomy":"post_tag","embeddable":true,"href":"https:\/\/elconquistadorredloslagos.cl\/test\/wp-json\/wp\/v2\/tags?post=11026"}],"curies":[{"name":"wp","href":"https:\/\/api.w.org\/{rel}","templated":true}]}}