{"id":11021,"date":"2025-06-03T13:49:57","date_gmt":"2025-06-03T17:49:57","guid":{"rendered":"https:\/\/elconquistadorredloslagos.cl\/test\/?p=11021"},"modified":"2025-06-03T13:49:57","modified_gmt":"2025-06-03T17:49:57","slug":"fiscalia-unifica-querellas-por-presunta-negligencia-medica-en-calbuco","status":"publish","type":"post","link":"https:\/\/elconquistadorredloslagos.cl\/test\/blog\/2025\/06\/03\/fiscalia-unifica-querellas-por-presunta-negligencia-medica-en-calbuco\/","title":{"rendered":"Fiscal\u00eda unifica querellas por presunta negligencia m\u00e9dica en Calbuco"},"content":{"rendered":"\n<p>La Fiscal\u00eda resolvi\u00f3 unificar las querellas por la muerte de Emilia Pinto, menor fallecida en Calbuco bajo circunstancias que a\u00fan se investigan. La denuncia interpuesta por la Municipalidad de Calbuco se sumar\u00e1 a la presentada por la familia de la menor, dado que ambas apuntan a los mismos hechos y personas, incluyendo m\u00e9dicos tratantes, el director del hospital local y otros posibles involucrados.<\/p>\n\n\n\n<p>El alcalde Marco Silva valor\u00f3 la medida, afirmando que responde al principio de econom\u00eda procesal y fortalece la b\u00fasqueda de justicia. El municipio, en coordinaci\u00f3n con la familia, continuar\u00e1 liderando las acciones legales a trav\u00e9s de su equipo jur\u00eddico.<\/p>\n\n\n\n<p>Actualmente, el caso avanza con solicitudes de diligencias, entrevistas y acceso a la carpeta fiscal. Silva reiter\u00f3 el compromiso del municipio: \u201cEstamos acompa\u00f1ando a la familia y no permitiremos que casos tan graves queden impunes. La salud p\u00fablica debe garantizar seguridad y justicia para todos\u201d.<\/p>\n\n\n\n<p>\ud83d\udcf7 Redes sociales<\/p>\n","protected":false},"excerpt":{"rendered":"<p>La Fiscal\u00eda resolvi\u00f3 unificar las querellas por la muerte de Emilia Pinto, menor fallecida en Calbuco bajo circunstancias que a\u00fan se investigan. La denuncia interpuesta por la Municipalidad de Calbuco..<\/p>\n","protected":false},"author":2,"featured_media":11022,"comment_status":"closed","ping_status":"open","sticky":false,"template":"","format":"standard","meta":{"footnotes":""},"categories":[1,28],"tags":[],"class_list":["post-11021","post","type-post","status-publish","format-standard","has-post-thumbnail","hentry","category-acontecer","category-actual"],"rttpg_featured_image_url":{"full":["https:\/\/elconquistadorredloslagos.cl\/test\/wp-content\/uploads\/2025\/06\/img-17.jpg",1920,1080,false],"landscape":["https:\/\/elconquistadorredloslagos.cl\/test\/wp-content\/uploads\/2025\/06\/img-17.jpg",1920,1080,false],"portraits":["https:\/\/elconquistadorredloslagos.cl\/test\/wp-content\/uploads\/2025\/06\/img-17.jpg",1920,1080,false],"thumbnail":["https:\/\/elconquistadorredloslagos.cl\/test\/wp-content\/uploads\/2025\/06\/img-17-150x150.jpg",150,150,true],"medium":["https:\/\/elconquistadorredloslagos.cl\/test\/wp-content\/uploads\/2025\/06\/img-17-300x169.jpg",300,169,true],"large":["https:\/\/elconquistadorredloslagos.cl\/test\/wp-content\/uploads\/2025\/06\/img-17-1024x576.jpg",1024,576,true],"1536x1536":["https:\/\/elconquistadorredloslagos.cl\/test\/wp-content\/uploads\/2025\/06\/img-17-1536x864.jpg",1536,864,true],"2048x2048":["https:\/\/elconquistadorredloslagos.cl\/test\/wp-content\/uploads\/2025\/06\/img-17.jpg",1920,1080,false]},"rttpg_author":{"display_name":"ccardenas","author_link":"https:\/\/elconquistadorredloslagos.cl\/test\/blog\/author\/ccardenas\/"},"rttpg_comment":0,"rttpg_category":"<a href=\"https:\/\/elconquistadorredloslagos.cl\/test\/blog\/category\/actual\/acontecer\/\" rel=\"category tag\">Acontecer<\/a> <a href=\"https:\/\/elconquistadorredloslagos.cl\/test\/blog\/category\/actual\/\" rel=\"category tag\">Actualidad<\/a>","rttpg_excerpt":"La Fiscal\u00eda resolvi\u00f3 unificar las querellas por la muerte de Emilia Pinto, menor fallecida en Calbuco bajo circunstancias que a\u00fan se investigan. La denuncia interpuesta por la Municipalidad de Calbuco..","_links":{"self":[{"href":"https:\/\/elconquistadorredloslagos.cl\/test\/wp-json\/wp\/v2\/posts\/11021","targetHints":{"allow":["GET"]}}],"collection":[{"href":"https:\/\/elconquistadorredloslagos.cl\/test\/wp-json\/wp\/v2\/posts"}],"about":[{"href":"https:\/\/elconquistadorredloslagos.cl\/test\/wp-json\/wp\/v2\/types\/post"}],"author":[{"embeddable":true,"href":"https:\/\/elconquistadorredloslagos.cl\/test\/wp-json\/wp\/v2\/users\/2"}],"replies":[{"embeddable":true,"href":"https:\/\/elconquistadorredloslagos.cl\/test\/wp-json\/wp\/v2\/comments?post=11021"}],"version-history":[{"count":1,"href":"https:\/\/elconquistadorredloslagos.cl\/test\/wp-json\/wp\/v2\/posts\/11021\/revisions"}],"predecessor-version":[{"id":11023,"href":"https:\/\/elconquistadorredloslagos.cl\/test\/wp-json\/wp\/v2\/posts\/11021\/revisions\/11023"}],"wp:featuredmedia":[{"embeddable":true,"href":"https:\/\/elconquistadorredloslagos.cl\/test\/wp-json\/wp\/v2\/media\/11022"}],"wp:attachment":[{"href":"https:\/\/elconquistadorredloslagos.cl\/test\/wp-json\/wp\/v2\/media?parent=11021"}],"wp:term":[{"taxonomy":"category","embeddable":true,"href":"https:\/\/elconquistadorredloslagos.cl\/test\/wp-json\/wp\/v2\/categories?post=11021"},{"taxonomy":"post_tag","embeddable":true,"href":"https:\/\/elconquistadorredloslagos.cl\/test\/wp-json\/wp\/v2\/tags?post=11021"}],"curies":[{"name":"wp","href":"https:\/\/api.w.org\/{rel}","templated":true}]}}