{"id":11015,"date":"2025-06-03T13:30:17","date_gmt":"2025-06-03T17:30:17","guid":{"rendered":"https:\/\/elconquistadorredloslagos.cl\/test\/?p=11015"},"modified":"2025-06-03T13:59:13","modified_gmt":"2025-06-03T17:59:13","slug":"refuerzan-control-fronterizo-en-cardenal-samore-con-nuevo-escaner-para-vehiculos","status":"publish","type":"post","link":"https:\/\/elconquistadorredloslagos.cl\/test\/blog\/2025\/06\/03\/refuerzan-control-fronterizo-en-cardenal-samore-con-nuevo-escaner-para-vehiculos\/","title":{"rendered":"Refuerzan control fronterizo en Cardenal Samor\u00e9 con nuevo esc\u00e1ner para veh\u00edculos"},"content":{"rendered":"\n<p>Autoridades regionales se trasladaron hasta el Paso Fronterizo Cardenal Antonio Samor\u00e9, el m\u00e1s importante del sur de Chile, para supervisar el funcionamiento del nuevo cami\u00f3n esc\u00e1ner destinado a reforzar la revisi\u00f3n de veh\u00edculos en dicho complejo.<\/p>\n\n\n\n<p>La visita cont\u00f3 con la presencia del jefe de Zona Los Lagos, general Jorge Valdivia, los prefectos de Carabineros de Osorno y Llanquihue, adem\u00e1s de representantes de diversos servicios p\u00fablicos. En la instancia se evaluaron medidas log\u00edsticas y de coordinaci\u00f3n, con el foco puesto en mejorar los controles de seguridad y agilizar los procesos de fiscalizaci\u00f3n.<\/p>\n\n\n\n<p>Seg\u00fan cifras oficiales entregadas por la delegada presidencial provincial de Osorno, Claudia Pailalef, entre enero y lo que va de 2025 han cruzado por el complejo 280 mil 451 veh\u00edculos particulares, 5 mil 130 buses, 38 mil 625 camiones y m\u00e1s de 452 mil toneladas de carga.<\/p>\n\n\n\n<p>La incorporaci\u00f3n del nuevo esc\u00e1ner busca fortalecer la capacidad operativa del paso internacional, clave para el comercio adem\u00e1s del turismo entre Chile y Argentina.<\/p>\n\n\n\n<p>\ud83d\udcf7 <a href=\"https:\/\/www.facebook.com\/DPPOsorno?__cft__[0]=AZXgOrk36OCxt8_d3UgenON2-EUAlEQYxVP3r-HaTcVV0HZfCjFwTvMC2rEv0t4_LA3F2D34Vav5RqUKNxBYBCOEuXxAT19wIQokW4m_qe0E0AoIDm_Vjw3GDdqr47whaC-6xKYASFsYCMqy_Af9_IMwyO3627TA1PnEj-Fk-gWJqQ&amp;__tn__=-UC%2CP-R\"><strong>Delegaci\u00f3n Presidencial Provincial de Osorno<\/strong><\/a> &#8211; Facebook<\/p>\n","protected":false},"excerpt":{"rendered":"<p>Autoridades regionales se trasladaron hasta el Paso Fronterizo Cardenal Antonio Samor\u00e9, el m\u00e1s importante del sur de Chile, para supervisar el funcionamiento del nuevo cami\u00f3n esc\u00e1ner destinado a reforzar la..<\/p>\n","protected":false},"author":2,"featured_media":11016,"comment_status":"closed","ping_status":"open","sticky":false,"template":"","format":"standard","meta":{"footnotes":""},"categories":[1,28,55],"tags":[],"class_list":["post-11015","post","type-post","status-publish","format-standard","has-post-thumbnail","hentry","category-acontecer","category-actual","category-osorno"],"rttpg_featured_image_url":{"full":["https:\/\/elconquistadorredloslagos.cl\/test\/wp-content\/uploads\/2025\/06\/img-15.jpg",1920,1080,false],"landscape":["https:\/\/elconquistadorredloslagos.cl\/test\/wp-content\/uploads\/2025\/06\/img-15.jpg",1920,1080,false],"portraits":["https:\/\/elconquistadorredloslagos.cl\/test\/wp-content\/uploads\/2025\/06\/img-15.jpg",1920,1080,false],"thumbnail":["https:\/\/elconquistadorredloslagos.cl\/test\/wp-content\/uploads\/2025\/06\/img-15-150x150.jpg",150,150,true],"medium":["https:\/\/elconquistadorredloslagos.cl\/test\/wp-content\/uploads\/2025\/06\/img-15-300x169.jpg",300,169,true],"large":["https:\/\/elconquistadorredloslagos.cl\/test\/wp-content\/uploads\/2025\/06\/img-15-1024x576.jpg",1024,576,true],"1536x1536":["https:\/\/elconquistadorredloslagos.cl\/test\/wp-content\/uploads\/2025\/06\/img-15-1536x864.jpg",1536,864,true],"2048x2048":["https:\/\/elconquistadorredloslagos.cl\/test\/wp-content\/uploads\/2025\/06\/img-15.jpg",1920,1080,false]},"rttpg_author":{"display_name":"ccardenas","author_link":"https:\/\/elconquistadorredloslagos.cl\/test\/blog\/author\/ccardenas\/"},"rttpg_comment":0,"rttpg_category":"<a href=\"https:\/\/elconquistadorredloslagos.cl\/test\/blog\/category\/actual\/acontecer\/\" rel=\"category tag\">Acontecer<\/a> <a href=\"https:\/\/elconquistadorredloslagos.cl\/test\/blog\/category\/actual\/\" rel=\"category tag\">Actualidad<\/a> <a href=\"https:\/\/elconquistadorredloslagos.cl\/test\/blog\/category\/chile\/osorno\/\" rel=\"category tag\">Osorno<\/a>","rttpg_excerpt":"Autoridades regionales se trasladaron hasta el Paso Fronterizo Cardenal Antonio Samor\u00e9, el m\u00e1s importante del sur de Chile, para supervisar el funcionamiento del nuevo cami\u00f3n esc\u00e1ner destinado a reforzar la..","_links":{"self":[{"href":"https:\/\/elconquistadorredloslagos.cl\/test\/wp-json\/wp\/v2\/posts\/11015","targetHints":{"allow":["GET"]}}],"collection":[{"href":"https:\/\/elconquistadorredloslagos.cl\/test\/wp-json\/wp\/v2\/posts"}],"about":[{"href":"https:\/\/elconquistadorredloslagos.cl\/test\/wp-json\/wp\/v2\/types\/post"}],"author":[{"embeddable":true,"href":"https:\/\/elconquistadorredloslagos.cl\/test\/wp-json\/wp\/v2\/users\/2"}],"replies":[{"embeddable":true,"href":"https:\/\/elconquistadorredloslagos.cl\/test\/wp-json\/wp\/v2\/comments?post=11015"}],"version-history":[{"count":2,"href":"https:\/\/elconquistadorredloslagos.cl\/test\/wp-json\/wp\/v2\/posts\/11015\/revisions"}],"predecessor-version":[{"id":11025,"href":"https:\/\/elconquistadorredloslagos.cl\/test\/wp-json\/wp\/v2\/posts\/11015\/revisions\/11025"}],"wp:featuredmedia":[{"embeddable":true,"href":"https:\/\/elconquistadorredloslagos.cl\/test\/wp-json\/wp\/v2\/media\/11016"}],"wp:attachment":[{"href":"https:\/\/elconquistadorredloslagos.cl\/test\/wp-json\/wp\/v2\/media?parent=11015"}],"wp:term":[{"taxonomy":"category","embeddable":true,"href":"https:\/\/elconquistadorredloslagos.cl\/test\/wp-json\/wp\/v2\/categories?post=11015"},{"taxonomy":"post_tag","embeddable":true,"href":"https:\/\/elconquistadorredloslagos.cl\/test\/wp-json\/wp\/v2\/tags?post=11015"}],"curies":[{"name":"wp","href":"https:\/\/api.w.org\/{rel}","templated":true}]}}