{"id":11010,"date":"2025-06-03T13:15:49","date_gmt":"2025-06-03T17:15:49","guid":{"rendered":"https:\/\/elconquistadorredloslagos.cl\/test\/?p=11010"},"modified":"2025-06-03T13:15:50","modified_gmt":"2025-06-03T17:15:50","slug":"investigan-incendio-de-vehiculo-en-chonchi-y-detencion-por-drogas-en-castro","status":"publish","type":"post","link":"https:\/\/elconquistadorredloslagos.cl\/test\/blog\/2025\/06\/03\/investigan-incendio-de-vehiculo-en-chonchi-y-detencion-por-drogas-en-castro\/","title":{"rendered":"Investigan incendio de veh\u00edculo en Chonchi y detenci\u00f3n por drogas en Castro"},"content":{"rendered":"\n<p>Dos hechos policiales marcaron la cr\u00f3nica roja en la provincia de Chilo\u00e9 durante las \u00faltimas horas. En la comuna de Chonchi, un veh\u00edculo abandonado fue consumido por las llamas en un sitio eriazo de Villa Volcanes. El incendio que habr\u00eda sido intencional, se registr\u00f3 alrededor de las 5 de la madrugada del pasado domingo y es investigado por personal de la Segunda Comisar\u00eda de Carabineros de Castro.<\/p>\n\n\n\n<p>La mayor Mar\u00eda Ang\u00e9lica Mateos confirm\u00f3 que se est\u00e1n recabando antecedentes para esclarecer el origen del fuego.<\/p>\n\n\n\n<figure class=\"wp-block-audio\"><audio controls src=\"https:\/\/elconquistadorredloslagos.cl\/test\/wp-content\/uploads\/2025\/06\/FISCAL-MATEOS1.mp3\"><\/audio><\/figure>\n\n\n\n<p>En paralelo, la oficial de la polic\u00eda uniformada agreg\u00f3 que en la ciudad de Castro cuatro personas fueron detenidas en un procedimiento antidrogas, entre ellas un menor de edad. La polic\u00eda decomis\u00f3 sustancias il\u00edcitas, lo que motiv\u00f3 la aprehensi\u00f3n inmediata de los involucrados.<\/p>\n\n\n\n<figure class=\"wp-block-audio\"><audio controls src=\"https:\/\/elconquistadorredloslagos.cl\/test\/wp-content\/uploads\/2025\/06\/FISCAL-MATEOS2.mp3\"><\/audio><\/figure>\n\n\n\n<p>Ambos casos fueron informados al Ministerio P\u00fablico.<\/p>\n\n\n\n<p>\ud83d\udcf7 Redes sociales<\/p>\n","protected":false},"excerpt":{"rendered":"<p>Dos hechos policiales marcaron la cr\u00f3nica roja en la provincia de Chilo\u00e9 durante las \u00faltimas horas. En la comuna de Chonchi, un veh\u00edculo abandonado fue consumido por las llamas en..<\/p>\n","protected":false},"author":2,"featured_media":11013,"comment_status":"closed","ping_status":"open","sticky":false,"template":"","format":"standard","meta":{"footnotes":""},"categories":[1,28,51],"tags":[],"class_list":["post-11010","post","type-post","status-publish","format-standard","has-post-thumbnail","hentry","category-acontecer","category-actual","category-chiloe"],"rttpg_featured_image_url":{"full":["https:\/\/elconquistadorredloslagos.cl\/test\/wp-content\/uploads\/2025\/06\/img-14.jpg",1920,1080,false],"landscape":["https:\/\/elconquistadorredloslagos.cl\/test\/wp-content\/uploads\/2025\/06\/img-14.jpg",1920,1080,false],"portraits":["https:\/\/elconquistadorredloslagos.cl\/test\/wp-content\/uploads\/2025\/06\/img-14.jpg",1920,1080,false],"thumbnail":["https:\/\/elconquistadorredloslagos.cl\/test\/wp-content\/uploads\/2025\/06\/img-14-150x150.jpg",150,150,true],"medium":["https:\/\/elconquistadorredloslagos.cl\/test\/wp-content\/uploads\/2025\/06\/img-14-300x169.jpg",300,169,true],"large":["https:\/\/elconquistadorredloslagos.cl\/test\/wp-content\/uploads\/2025\/06\/img-14-1024x576.jpg",1024,576,true],"1536x1536":["https:\/\/elconquistadorredloslagos.cl\/test\/wp-content\/uploads\/2025\/06\/img-14-1536x864.jpg",1536,864,true],"2048x2048":["https:\/\/elconquistadorredloslagos.cl\/test\/wp-content\/uploads\/2025\/06\/img-14.jpg",1920,1080,false]},"rttpg_author":{"display_name":"ccardenas","author_link":"https:\/\/elconquistadorredloslagos.cl\/test\/blog\/author\/ccardenas\/"},"rttpg_comment":0,"rttpg_category":"<a href=\"https:\/\/elconquistadorredloslagos.cl\/test\/blog\/category\/actual\/acontecer\/\" rel=\"category tag\">Acontecer<\/a> <a href=\"https:\/\/elconquistadorredloslagos.cl\/test\/blog\/category\/actual\/\" rel=\"category tag\">Actualidad<\/a> <a href=\"https:\/\/elconquistadorredloslagos.cl\/test\/blog\/category\/chile\/chiloe\/\" rel=\"category tag\">Chilo\u00e9<\/a>","rttpg_excerpt":"Dos hechos policiales marcaron la cr\u00f3nica roja en la provincia de Chilo\u00e9 durante las \u00faltimas horas. En la comuna de Chonchi, un veh\u00edculo abandonado fue consumido por las llamas en..","_links":{"self":[{"href":"https:\/\/elconquistadorredloslagos.cl\/test\/wp-json\/wp\/v2\/posts\/11010","targetHints":{"allow":["GET"]}}],"collection":[{"href":"https:\/\/elconquistadorredloslagos.cl\/test\/wp-json\/wp\/v2\/posts"}],"about":[{"href":"https:\/\/elconquistadorredloslagos.cl\/test\/wp-json\/wp\/v2\/types\/post"}],"author":[{"embeddable":true,"href":"https:\/\/elconquistadorredloslagos.cl\/test\/wp-json\/wp\/v2\/users\/2"}],"replies":[{"embeddable":true,"href":"https:\/\/elconquistadorredloslagos.cl\/test\/wp-json\/wp\/v2\/comments?post=11010"}],"version-history":[{"count":1,"href":"https:\/\/elconquistadorredloslagos.cl\/test\/wp-json\/wp\/v2\/posts\/11010\/revisions"}],"predecessor-version":[{"id":11014,"href":"https:\/\/elconquistadorredloslagos.cl\/test\/wp-json\/wp\/v2\/posts\/11010\/revisions\/11014"}],"wp:featuredmedia":[{"embeddable":true,"href":"https:\/\/elconquistadorredloslagos.cl\/test\/wp-json\/wp\/v2\/media\/11013"}],"wp:attachment":[{"href":"https:\/\/elconquistadorredloslagos.cl\/test\/wp-json\/wp\/v2\/media?parent=11010"}],"wp:term":[{"taxonomy":"category","embeddable":true,"href":"https:\/\/elconquistadorredloslagos.cl\/test\/wp-json\/wp\/v2\/categories?post=11010"},{"taxonomy":"post_tag","embeddable":true,"href":"https:\/\/elconquistadorredloslagos.cl\/test\/wp-json\/wp\/v2\/tags?post=11010"}],"curies":[{"name":"wp","href":"https:\/\/api.w.org\/{rel}","templated":true}]}}