{"id":11001,"date":"2025-06-03T13:01:45","date_gmt":"2025-06-03T17:01:45","guid":{"rendered":"https:\/\/elconquistadorredloslagos.cl\/test\/?p=11001"},"modified":"2025-06-03T13:01:46","modified_gmt":"2025-06-03T17:01:46","slug":"con-historica-jornada-inicio-atencion-en-nuevo-hospital-de-quellon","status":"publish","type":"post","link":"https:\/\/elconquistadorredloslagos.cl\/test\/blog\/2025\/06\/03\/con-historica-jornada-inicio-atencion-en-nuevo-hospital-de-quellon\/","title":{"rendered":"Con hist\u00f3rica jornada inici\u00f3 atenci\u00f3n en nuevo Hospital de Quell\u00f3n"},"content":{"rendered":"\n<p>Con emoci\u00f3n y gratitud, Ana Tecay se convirti\u00f3 en la primera paciente en ser atendida en el Policl\u00ednico de Especialidades del nuevo Hospital de Quell\u00f3n, cuya apertura marca el inicio de su marcha blanca.<\/p>\n\n\n\n<p>Al igual que do\u00f1a Ana, fueron varios los usuarios quienes manifestaron su satisfacci\u00f3n por contar con este nuevo centro asistencial de altos est\u00e1ndares, en la comuna del Puerto Sur-Austral de Chilo\u00e9.<\/p>\n\n\n\n<figure class=\"wp-block-embed is-type-rich is-provider-gestor-del-servicio wp-block-embed-gestor-del-servicio\"><div class=\"wp-block-embed__wrapper\">\n<div style=\"width: 640px;\" class=\"wp-video\"><video class=\"wp-video-shortcode\" id=\"video-11001-1\" width=\"640\" height=\"360\" preload=\"metadata\" controls=\"controls\"><source type=\"video\/mp4\" src=\"https:\/\/elconquistadorredloslagos.cl\/test\/md\/1cu\u00f1ausuarios.mp4?_=1\" \/><a href=\"https:\/\/elconquistadorredloslagos.cl\/test\/md\/1cu\u00f1ausuarios.mp4\">https:\/\/elconquistadorredloslagos.cl\/test\/md\/1cu\u00f1ausuarios.mp4<\/a><\/video><\/div>\n<\/div><\/figure>\n\n\n\n<p>Durante la primera jornada, m\u00e1s de un centenar de usuarios fueron atendidos sin contratiempos. Seg\u00fan el director del recinto, Francisco Camilo D\u00edaz, se realizaron 118 atenciones en box, 24 tomas de muestra y se entregaron 14 recetas, cuatro de ellas correspondientes a atenciones preferentes.<\/p>\n\n\n\n<figure class=\"wp-block-embed is-type-rich is-provider-gestor-del-servicio wp-block-embed-gestor-del-servicio\"><div class=\"wp-block-embed__wrapper\">\n<div style=\"width: 640px;\" class=\"wp-video\"><video class=\"wp-video-shortcode\" id=\"video-11001-2\" width=\"640\" height=\"360\" preload=\"metadata\" controls=\"controls\"><source type=\"video\/mp4\" src=\"https:\/\/elconquistadorredloslagos.cl\/test\/md\/1cu\u00f1ahospitalquellon.mp4?_=2\" \/><a href=\"https:\/\/elconquistadorredloslagos.cl\/test\/md\/1cu\u00f1ahospitalquellon.mp4\">https:\/\/elconquistadorredloslagos.cl\/test\/md\/1cu\u00f1ahospitalquellon.mp4<\/a><\/video><\/div>\n<\/div><\/figure>\n\n\n\n<p>Para facilitar la experiencia de los usuarios, se implement\u00f3 un equipo de orientadoras en el acceso y se distribuy\u00f3 material informativo en distintos puntos de la comuna. El establecimiento que contar\u00e1 con 57 camas y 17 mil metros cuadrados construidos, continuar\u00e1 su apertura progresiva durante el a\u00f1o a la espera de subsanar observaciones t\u00e9cnicas, como el sistema de calefacci\u00f3n. En el contexto de su reciente cuenta p\u00fablica, el Presidente Gabriel Boric reafirm\u00f3 que tanto este hospital como el de Queilen ser\u00e1n incorporados a la red antes de finalizar su mandato.<\/p>\n\n\n\n<figure class=\"wp-block-gallery has-nested-images columns-default is-cropped wp-block-gallery-1 is-layout-flex wp-block-gallery-is-layout-flex\">\n<figure class=\"wp-block-image size-large\"><img loading=\"lazy\" decoding=\"async\" width=\"1024\" height=\"768\" data-id=\"11004\" src=\"https:\/\/elconquistadorredloslagos.cl\/test\/wp-content\/uploads\/2025\/06\/WhatsApp-Image-2025-06-02-at-13.13.18-1-1024x768.jpeg\" alt=\"\" class=\"wp-image-11004\" \/><\/figure>\n\n\n\n<figure class=\"wp-block-image size-large\"><img loading=\"lazy\" decoding=\"async\" width=\"1024\" height=\"768\" data-id=\"11008\" src=\"https:\/\/elconquistadorredloslagos.cl\/test\/wp-content\/uploads\/2025\/06\/WhatsApp-Image-2025-06-02-at-13.13.18-1024x768.jpeg\" alt=\"\" class=\"wp-image-11008\" \/><\/figure>\n\n\n\n<figure class=\"wp-block-image size-large\"><img loading=\"lazy\" decoding=\"async\" width=\"1024\" height=\"768\" data-id=\"11007\" src=\"https:\/\/elconquistadorredloslagos.cl\/test\/wp-content\/uploads\/2025\/06\/WhatsApp-Image-2025-06-02-at-13.13.19-1-1024x768.jpeg\" alt=\"\" class=\"wp-image-11007\" \/><\/figure>\n\n\n\n<figure class=\"wp-block-image size-large\"><img loading=\"lazy\" decoding=\"async\" width=\"1024\" height=\"768\" data-id=\"11005\" src=\"https:\/\/elconquistadorredloslagos.cl\/test\/wp-content\/uploads\/2025\/06\/WhatsApp-Image-2025-06-02-at-13.13.19-1024x768.jpeg\" alt=\"\" class=\"wp-image-11005\" \/><\/figure>\n\n\n\n<figure class=\"wp-block-image size-large\"><img loading=\"lazy\" decoding=\"async\" width=\"1024\" height=\"768\" data-id=\"11003\" src=\"https:\/\/elconquistadorredloslagos.cl\/test\/wp-content\/uploads\/2025\/06\/WhatsApp-Image-2025-06-02-at-13.13.20-1-1024x768.jpeg\" alt=\"\" class=\"wp-image-11003\" \/><\/figure>\n\n\n\n<figure class=\"wp-block-image size-large\"><img loading=\"lazy\" decoding=\"async\" width=\"1024\" height=\"768\" data-id=\"11006\" src=\"https:\/\/elconquistadorredloslagos.cl\/test\/wp-content\/uploads\/2025\/06\/WhatsApp-Image-2025-06-02-at-13.13.20-1024x768.jpeg\" alt=\"\" class=\"wp-image-11006\" \/><\/figure>\n<\/figure>\n\n\n\n<p>\ud83d\udcf7 Servicio de Salud Chilo\u00e9<\/p>\n","protected":false},"excerpt":{"rendered":"<p>Con emoci\u00f3n y gratitud, Ana Tecay se convirti\u00f3 en la primera paciente en ser atendida en el Policl\u00ednico de Especialidades del nuevo Hospital de Quell\u00f3n, cuya apertura marca el inicio..<\/p>\n","protected":false},"author":2,"featured_media":11002,"comment_status":"closed","ping_status":"open","sticky":false,"template":"","format":"standard","meta":{"footnotes":""},"categories":[1,28,51],"tags":[],"class_list":["post-11001","post","type-post","status-publish","format-standard","has-post-thumbnail","hentry","category-acontecer","category-actual","category-chiloe"],"rttpg_featured_image_url":{"full":["https:\/\/elconquistadorredloslagos.cl\/test\/wp-content\/uploads\/2025\/06\/img-13.jpg",1920,1080,false],"landscape":["https:\/\/elconquistadorredloslagos.cl\/test\/wp-content\/uploads\/2025\/06\/img-13.jpg",1920,1080,false],"portraits":["https:\/\/elconquistadorredloslagos.cl\/test\/wp-content\/uploads\/2025\/06\/img-13.jpg",1920,1080,false],"thumbnail":["https:\/\/elconquistadorredloslagos.cl\/test\/wp-content\/uploads\/2025\/06\/img-13-150x150.jpg",150,150,true],"medium":["https:\/\/elconquistadorredloslagos.cl\/test\/wp-content\/uploads\/2025\/06\/img-13-300x169.jpg",300,169,true],"large":["https:\/\/elconquistadorredloslagos.cl\/test\/wp-content\/uploads\/2025\/06\/img-13-1024x576.jpg",1024,576,true],"1536x1536":["https:\/\/elconquistadorredloslagos.cl\/test\/wp-content\/uploads\/2025\/06\/img-13-1536x864.jpg",1536,864,true],"2048x2048":["https:\/\/elconquistadorredloslagos.cl\/test\/wp-content\/uploads\/2025\/06\/img-13.jpg",1920,1080,false]},"rttpg_author":{"display_name":"ccardenas","author_link":"https:\/\/elconquistadorredloslagos.cl\/test\/blog\/author\/ccardenas\/"},"rttpg_comment":0,"rttpg_category":"<a href=\"https:\/\/elconquistadorredloslagos.cl\/test\/blog\/category\/actual\/acontecer\/\" rel=\"category tag\">Acontecer<\/a> <a href=\"https:\/\/elconquistadorredloslagos.cl\/test\/blog\/category\/actual\/\" rel=\"category tag\">Actualidad<\/a> <a href=\"https:\/\/elconquistadorredloslagos.cl\/test\/blog\/category\/chile\/chiloe\/\" rel=\"category tag\">Chilo\u00e9<\/a>","rttpg_excerpt":"Con emoci\u00f3n y gratitud, Ana Tecay se convirti\u00f3 en la primera paciente en ser atendida en el Policl\u00ednico de Especialidades del nuevo Hospital de Quell\u00f3n, cuya apertura marca el inicio..","_links":{"self":[{"href":"https:\/\/elconquistadorredloslagos.cl\/test\/wp-json\/wp\/v2\/posts\/11001","targetHints":{"allow":["GET"]}}],"collection":[{"href":"https:\/\/elconquistadorredloslagos.cl\/test\/wp-json\/wp\/v2\/posts"}],"about":[{"href":"https:\/\/elconquistadorredloslagos.cl\/test\/wp-json\/wp\/v2\/types\/post"}],"author":[{"embeddable":true,"href":"https:\/\/elconquistadorredloslagos.cl\/test\/wp-json\/wp\/v2\/users\/2"}],"replies":[{"embeddable":true,"href":"https:\/\/elconquistadorredloslagos.cl\/test\/wp-json\/wp\/v2\/comments?post=11001"}],"version-history":[{"count":1,"href":"https:\/\/elconquistadorredloslagos.cl\/test\/wp-json\/wp\/v2\/posts\/11001\/revisions"}],"predecessor-version":[{"id":11009,"href":"https:\/\/elconquistadorredloslagos.cl\/test\/wp-json\/wp\/v2\/posts\/11001\/revisions\/11009"}],"wp:featuredmedia":[{"embeddable":true,"href":"https:\/\/elconquistadorredloslagos.cl\/test\/wp-json\/wp\/v2\/media\/11002"}],"wp:attachment":[{"href":"https:\/\/elconquistadorredloslagos.cl\/test\/wp-json\/wp\/v2\/media?parent=11001"}],"wp:term":[{"taxonomy":"category","embeddable":true,"href":"https:\/\/elconquistadorredloslagos.cl\/test\/wp-json\/wp\/v2\/categories?post=11001"},{"taxonomy":"post_tag","embeddable":true,"href":"https:\/\/elconquistadorredloslagos.cl\/test\/wp-json\/wp\/v2\/tags?post=11001"}],"curies":[{"name":"wp","href":"https:\/\/api.w.org\/{rel}","templated":true}]}}