{"id":10995,"date":"2025-06-03T11:52:53","date_gmt":"2025-06-03T15:52:53","guid":{"rendered":"https:\/\/elconquistadorredloslagos.cl\/test\/?p=10995"},"modified":"2025-06-03T11:52:53","modified_gmt":"2025-06-03T15:52:53","slug":"puerto-montt-exigen-desvinculacion-de-chofer-que-agredio-a-joven-por-no-portar-la-tne","status":"publish","type":"post","link":"https:\/\/elconquistadorredloslagos.cl\/test\/blog\/2025\/06\/03\/puerto-montt-exigen-desvinculacion-de-chofer-que-agredio-a-joven-por-no-portar-la-tne\/","title":{"rendered":"Puerto Montt: exigen desvinculaci\u00f3n de chofer que agredi\u00f3 a joven por no portar la TNE"},"content":{"rendered":"\n<p>Un conductor de microb\u00fas fue denunciado por agredir f\u00edsicamente a un estudiante de 14 a\u00f1os en las cercan\u00edas del Mercado Municipal Chile Barrio de la ciudad de Puerto Montt. El menor no portaba la Tarjeta Nacional Estudiantil (TNE), a\u00fan no entregada por JUNAEB, seg\u00fan confirm\u00f3 el establecimiento educacional.<\/p>\n\n\n\n<p>El hecho fue presenciado por una vecina, quien relat\u00f3 lo ocurrido a la concejala B\u00e1rbara C\u00e1ceres. \u201cEl chofer se baj\u00f3 del bus y golpe\u00f3 al joven por no tener su pase escolar. Es inaceptable\u201d, denunci\u00f3.<\/p>\n\n\n\n<p>La Agrupaci\u00f3n de Usuarios del Transporte P\u00fablico de la Provincia de Llanquihue tambi\u00e9n alz\u00f3 la voz. \u201cEste conductor es un peligro para los escolares. Ya hicimos la denuncia ante el MTT y exigimos su desvinculaci\u00f3n\u201d, se\u00f1al\u00f3 su presidente, Jordi Valenzuela.<\/p>\n\n\n\n<p>Adem\u00e1s, la agrupaci\u00f3n hizo un llamado urgente a JUNAEB para agilizar la entrega de las TNE, pero enfatiz\u00f3 que \u201cnada justifica la violencia\u201d.<\/p>\n\n\n\n<p>\ud83d\udcf7 Referencial<\/p>\n","protected":false},"excerpt":{"rendered":"<p>Un conductor de microb\u00fas fue denunciado por agredir f\u00edsicamente a un estudiante de 14 a\u00f1os en las cercan\u00edas del Mercado Municipal Chile Barrio de la ciudad de Puerto Montt. El..<\/p>\n","protected":false},"author":2,"featured_media":10996,"comment_status":"closed","ping_status":"open","sticky":false,"template":"","format":"standard","meta":{"footnotes":""},"categories":[1,28,56],"tags":[],"class_list":["post-10995","post","type-post","status-publish","format-standard","has-post-thumbnail","hentry","category-acontecer","category-actual","category-puerto-montt"],"rttpg_featured_image_url":{"full":["https:\/\/elconquistadorredloslagos.cl\/test\/wp-content\/uploads\/2025\/06\/img-11.jpg",1920,1080,false],"landscape":["https:\/\/elconquistadorredloslagos.cl\/test\/wp-content\/uploads\/2025\/06\/img-11.jpg",1920,1080,false],"portraits":["https:\/\/elconquistadorredloslagos.cl\/test\/wp-content\/uploads\/2025\/06\/img-11.jpg",1920,1080,false],"thumbnail":["https:\/\/elconquistadorredloslagos.cl\/test\/wp-content\/uploads\/2025\/06\/img-11-150x150.jpg",150,150,true],"medium":["https:\/\/elconquistadorredloslagos.cl\/test\/wp-content\/uploads\/2025\/06\/img-11-300x169.jpg",300,169,true],"large":["https:\/\/elconquistadorredloslagos.cl\/test\/wp-content\/uploads\/2025\/06\/img-11-1024x576.jpg",1024,576,true],"1536x1536":["https:\/\/elconquistadorredloslagos.cl\/test\/wp-content\/uploads\/2025\/06\/img-11-1536x864.jpg",1536,864,true],"2048x2048":["https:\/\/elconquistadorredloslagos.cl\/test\/wp-content\/uploads\/2025\/06\/img-11.jpg",1920,1080,false]},"rttpg_author":{"display_name":"ccardenas","author_link":"https:\/\/elconquistadorredloslagos.cl\/test\/blog\/author\/ccardenas\/"},"rttpg_comment":0,"rttpg_category":"<a href=\"https:\/\/elconquistadorredloslagos.cl\/test\/blog\/category\/actual\/acontecer\/\" rel=\"category tag\">Acontecer<\/a> <a href=\"https:\/\/elconquistadorredloslagos.cl\/test\/blog\/category\/actual\/\" rel=\"category tag\">Actualidad<\/a> <a href=\"https:\/\/elconquistadorredloslagos.cl\/test\/blog\/category\/chile\/puerto-montt\/\" rel=\"category tag\">Puerto Montt<\/a>","rttpg_excerpt":"Un conductor de microb\u00fas fue denunciado por agredir f\u00edsicamente a un estudiante de 14 a\u00f1os en las cercan\u00edas del Mercado Municipal Chile Barrio de la ciudad de Puerto Montt. El..","_links":{"self":[{"href":"https:\/\/elconquistadorredloslagos.cl\/test\/wp-json\/wp\/v2\/posts\/10995","targetHints":{"allow":["GET"]}}],"collection":[{"href":"https:\/\/elconquistadorredloslagos.cl\/test\/wp-json\/wp\/v2\/posts"}],"about":[{"href":"https:\/\/elconquistadorredloslagos.cl\/test\/wp-json\/wp\/v2\/types\/post"}],"author":[{"embeddable":true,"href":"https:\/\/elconquistadorredloslagos.cl\/test\/wp-json\/wp\/v2\/users\/2"}],"replies":[{"embeddable":true,"href":"https:\/\/elconquistadorredloslagos.cl\/test\/wp-json\/wp\/v2\/comments?post=10995"}],"version-history":[{"count":1,"href":"https:\/\/elconquistadorredloslagos.cl\/test\/wp-json\/wp\/v2\/posts\/10995\/revisions"}],"predecessor-version":[{"id":10997,"href":"https:\/\/elconquistadorredloslagos.cl\/test\/wp-json\/wp\/v2\/posts\/10995\/revisions\/10997"}],"wp:featuredmedia":[{"embeddable":true,"href":"https:\/\/elconquistadorredloslagos.cl\/test\/wp-json\/wp\/v2\/media\/10996"}],"wp:attachment":[{"href":"https:\/\/elconquistadorredloslagos.cl\/test\/wp-json\/wp\/v2\/media?parent=10995"}],"wp:term":[{"taxonomy":"category","embeddable":true,"href":"https:\/\/elconquistadorredloslagos.cl\/test\/wp-json\/wp\/v2\/categories?post=10995"},{"taxonomy":"post_tag","embeddable":true,"href":"https:\/\/elconquistadorredloslagos.cl\/test\/wp-json\/wp\/v2\/tags?post=10995"}],"curies":[{"name":"wp","href":"https:\/\/api.w.org\/{rel}","templated":true}]}}