{"id":10990,"date":"2025-06-03T11:30:52","date_gmt":"2025-06-03T15:30:52","guid":{"rendered":"https:\/\/elconquistadorredloslagos.cl\/test\/?p=10990"},"modified":"2025-06-03T11:39:55","modified_gmt":"2025-06-03T15:39:55","slug":"rayo-y-ahora-pinta-dictan-insolita-sancion-contra-joven-que-vandalizo-escalera-en-puerto-montt","status":"publish","type":"post","link":"https:\/\/elconquistadorredloslagos.cl\/test\/blog\/2025\/06\/03\/rayo-y-ahora-pinta-dictan-insolita-sancion-contra-joven-que-vandalizo-escalera-en-puerto-montt\/","title":{"rendered":"Ray\u00f3 y ahora pinta: dictan ins\u00f3lita sanci\u00f3n contra joven que vandaliz\u00f3 escalera en Puerto Montt"},"content":{"rendered":"\n<p>En una in\u00e9dita resoluci\u00f3n, el Juzgado de Garant\u00eda de Puerto Montt orden\u00f3 a un joven responsable de vandalizar con rayados la escalera de calle Rancagua que repare el da\u00f1o, pintando \u00e9l mismo la pared afectada. La estructura hab\u00eda sido recientemente intervenida con mosaicos y labores de limpieza para recuperar su valor como espacio p\u00fablico.<\/p>\n\n\n\n<p>El hecho ocurri\u00f3 tras la r\u00e1pida acci\u00f3n de la Unidad Penal Municipal (UPM), que present\u00f3 una querella apenas 24 horas despu\u00e9s del incidente. En la audiencia de control, se logr\u00f3 una suspensi\u00f3n condicional del procedimiento por un a\u00f1o, con medidas como la prohibici\u00f3n de acercarse al lugar y la reparaci\u00f3n directa del da\u00f1o.<\/p>\n\n\n\n<p>\u201cSi ray\u00f3, repare y pinte usted\u201d resumi\u00f3 el abogado Marcos Emilfork, ex fiscal regional y actual jefe de la UPM.<\/p>\n\n\n\n<p>El alcalde Rodrigo Wainraihgt celebr\u00f3 la resoluci\u00f3n: \u201cTolerancia cero con los rayados. Esto no hab\u00eda ocurrido antes y marca un precedente\u201d. La escalera, transitada a diario por estudiantes y peatones, forma parte del plan de recuperaci\u00f3n urbana de Puerto Montt.<\/p>\n\n\n\n<p>\ud83d\udcf7 C.E.D.R &#8211; Facebook<\/p>\n","protected":false},"excerpt":{"rendered":"<p>En una in\u00e9dita resoluci\u00f3n, el Juzgado de Garant\u00eda de Puerto Montt orden\u00f3 a un joven responsable de vandalizar con rayados la escalera de calle Rancagua que repare el da\u00f1o, pintando..<\/p>\n","protected":false},"author":2,"featured_media":10991,"comment_status":"closed","ping_status":"open","sticky":false,"template":"","format":"standard","meta":{"footnotes":""},"categories":[1,28,56],"tags":[],"class_list":["post-10990","post","type-post","status-publish","format-standard","has-post-thumbnail","hentry","category-acontecer","category-actual","category-puerto-montt"],"rttpg_featured_image_url":{"full":["https:\/\/elconquistadorredloslagos.cl\/test\/wp-content\/uploads\/2025\/06\/img-10.jpg",1920,1080,false],"landscape":["https:\/\/elconquistadorredloslagos.cl\/test\/wp-content\/uploads\/2025\/06\/img-10.jpg",1920,1080,false],"portraits":["https:\/\/elconquistadorredloslagos.cl\/test\/wp-content\/uploads\/2025\/06\/img-10.jpg",1920,1080,false],"thumbnail":["https:\/\/elconquistadorredloslagos.cl\/test\/wp-content\/uploads\/2025\/06\/img-10-150x150.jpg",150,150,true],"medium":["https:\/\/elconquistadorredloslagos.cl\/test\/wp-content\/uploads\/2025\/06\/img-10-300x169.jpg",300,169,true],"large":["https:\/\/elconquistadorredloslagos.cl\/test\/wp-content\/uploads\/2025\/06\/img-10-1024x576.jpg",1024,576,true],"1536x1536":["https:\/\/elconquistadorredloslagos.cl\/test\/wp-content\/uploads\/2025\/06\/img-10-1536x864.jpg",1536,864,true],"2048x2048":["https:\/\/elconquistadorredloslagos.cl\/test\/wp-content\/uploads\/2025\/06\/img-10.jpg",1920,1080,false]},"rttpg_author":{"display_name":"ccardenas","author_link":"https:\/\/elconquistadorredloslagos.cl\/test\/blog\/author\/ccardenas\/"},"rttpg_comment":0,"rttpg_category":"<a href=\"https:\/\/elconquistadorredloslagos.cl\/test\/blog\/category\/actual\/acontecer\/\" rel=\"category tag\">Acontecer<\/a> <a href=\"https:\/\/elconquistadorredloslagos.cl\/test\/blog\/category\/actual\/\" rel=\"category tag\">Actualidad<\/a> <a href=\"https:\/\/elconquistadorredloslagos.cl\/test\/blog\/category\/chile\/puerto-montt\/\" rel=\"category tag\">Puerto Montt<\/a>","rttpg_excerpt":"En una in\u00e9dita resoluci\u00f3n, el Juzgado de Garant\u00eda de Puerto Montt orden\u00f3 a un joven responsable de vandalizar con rayados la escalera de calle Rancagua que repare el da\u00f1o, pintando..","_links":{"self":[{"href":"https:\/\/elconquistadorredloslagos.cl\/test\/wp-json\/wp\/v2\/posts\/10990","targetHints":{"allow":["GET"]}}],"collection":[{"href":"https:\/\/elconquistadorredloslagos.cl\/test\/wp-json\/wp\/v2\/posts"}],"about":[{"href":"https:\/\/elconquistadorredloslagos.cl\/test\/wp-json\/wp\/v2\/types\/post"}],"author":[{"embeddable":true,"href":"https:\/\/elconquistadorredloslagos.cl\/test\/wp-json\/wp\/v2\/users\/2"}],"replies":[{"embeddable":true,"href":"https:\/\/elconquistadorredloslagos.cl\/test\/wp-json\/wp\/v2\/comments?post=10990"}],"version-history":[{"count":2,"href":"https:\/\/elconquistadorredloslagos.cl\/test\/wp-json\/wp\/v2\/posts\/10990\/revisions"}],"predecessor-version":[{"id":10994,"href":"https:\/\/elconquistadorredloslagos.cl\/test\/wp-json\/wp\/v2\/posts\/10990\/revisions\/10994"}],"wp:featuredmedia":[{"embeddable":true,"href":"https:\/\/elconquistadorredloslagos.cl\/test\/wp-json\/wp\/v2\/media\/10991"}],"wp:attachment":[{"href":"https:\/\/elconquistadorredloslagos.cl\/test\/wp-json\/wp\/v2\/media?parent=10990"}],"wp:term":[{"taxonomy":"category","embeddable":true,"href":"https:\/\/elconquistadorredloslagos.cl\/test\/wp-json\/wp\/v2\/categories?post=10990"},{"taxonomy":"post_tag","embeddable":true,"href":"https:\/\/elconquistadorredloslagos.cl\/test\/wp-json\/wp\/v2\/tags?post=10990"}],"curies":[{"name":"wp","href":"https:\/\/api.w.org\/{rel}","templated":true}]}}