{"id":10986,"date":"2025-06-03T11:19:28","date_gmt":"2025-06-03T15:19:28","guid":{"rendered":"https:\/\/elconquistadorredloslagos.cl\/test\/?p=10986"},"modified":"2025-06-03T11:19:29","modified_gmt":"2025-06-03T15:19:29","slug":"aviso-de-bomba-en-colegio-salesiano-de-puerto-montt-obliga-a-evacuar-a-mas-de-mil-alumnos","status":"publish","type":"post","link":"https:\/\/elconquistadorredloslagos.cl\/test\/blog\/2025\/06\/03\/aviso-de-bomba-en-colegio-salesiano-de-puerto-montt-obliga-a-evacuar-a-mas-de-mil-alumnos\/","title":{"rendered":"Aviso de bomba en Colegio Salesiano de Puerto Montt obliga a evacuar a m\u00e1s de mil alumnos"},"content":{"rendered":"\n<p>Una amenaza de bomba difundida a trav\u00e9s de redes sociales, oblig\u00f3 a evacuar este lunes a m\u00e1s de 1.300 estudiantes del colegio Salesiano de Puerto Montt. El mensaje que fue an\u00f3nimo, se public\u00f3 en Instagram y advert\u00eda sobre la supuesta presencia de un artefacto explosivo en los ba\u00f1os del recinto educacional, ubicado en calle Santa In\u00e9s en la poblaci\u00f3n Padre Jos\u00e9 Fern\u00e1ndez de la capital de Los Lagos.<\/p>\n\n\n\n<p>Carabineros activ\u00f3 el protocolo correspondiente y moviliz\u00f3 al Grupo de Operaciones Especiales (GOPE), quienes realizaron un exhaustivo registro en ba\u00f1os y otras instalaciones del establecimiento. Finalmente se descart\u00f3 la existencia de cualquier elemento explosivo. Detalles del procedimiento que fueron informados por el teniente coronel H\u00e9ctor Torres, subprefecto Fronterizo de la Prefectura Llanquihue.<\/p>\n\n\n\n<figure class=\"wp-block-audio\"><audio controls src=\"https:\/\/elconquistadorredloslagos.cl\/test\/wp-content\/uploads\/2025\/06\/1BOMBA.mp3\"><\/audio><\/figure>\n\n\n\n<p>Junto con ello se confirm\u00f3 que los antecedentes fueron puestos a disposici\u00f3n del Ministerio P\u00fablico.<\/p>\n\n\n\n<p>\ud83d\udcf7 Redes sociales<\/p>\n","protected":false},"excerpt":{"rendered":"<p>Una amenaza de bomba difundida a trav\u00e9s de redes sociales, oblig\u00f3 a evacuar este lunes a m\u00e1s de 1.300 estudiantes del colegio Salesiano de Puerto Montt. El mensaje que fue..<\/p>\n","protected":false},"author":2,"featured_media":10988,"comment_status":"closed","ping_status":"open","sticky":false,"template":"","format":"standard","meta":{"footnotes":""},"categories":[1,28,56],"tags":[],"class_list":["post-10986","post","type-post","status-publish","format-standard","has-post-thumbnail","hentry","category-acontecer","category-actual","category-puerto-montt"],"rttpg_featured_image_url":{"full":["https:\/\/elconquistadorredloslagos.cl\/test\/wp-content\/uploads\/2025\/06\/img-9.jpg",1920,1080,false],"landscape":["https:\/\/elconquistadorredloslagos.cl\/test\/wp-content\/uploads\/2025\/06\/img-9.jpg",1920,1080,false],"portraits":["https:\/\/elconquistadorredloslagos.cl\/test\/wp-content\/uploads\/2025\/06\/img-9.jpg",1920,1080,false],"thumbnail":["https:\/\/elconquistadorredloslagos.cl\/test\/wp-content\/uploads\/2025\/06\/img-9-150x150.jpg",150,150,true],"medium":["https:\/\/elconquistadorredloslagos.cl\/test\/wp-content\/uploads\/2025\/06\/img-9-300x169.jpg",300,169,true],"large":["https:\/\/elconquistadorredloslagos.cl\/test\/wp-content\/uploads\/2025\/06\/img-9-1024x576.jpg",1024,576,true],"1536x1536":["https:\/\/elconquistadorredloslagos.cl\/test\/wp-content\/uploads\/2025\/06\/img-9-1536x864.jpg",1536,864,true],"2048x2048":["https:\/\/elconquistadorredloslagos.cl\/test\/wp-content\/uploads\/2025\/06\/img-9.jpg",1920,1080,false]},"rttpg_author":{"display_name":"ccardenas","author_link":"https:\/\/elconquistadorredloslagos.cl\/test\/blog\/author\/ccardenas\/"},"rttpg_comment":0,"rttpg_category":"<a href=\"https:\/\/elconquistadorredloslagos.cl\/test\/blog\/category\/actual\/acontecer\/\" rel=\"category tag\">Acontecer<\/a> <a href=\"https:\/\/elconquistadorredloslagos.cl\/test\/blog\/category\/actual\/\" rel=\"category tag\">Actualidad<\/a> <a href=\"https:\/\/elconquistadorredloslagos.cl\/test\/blog\/category\/chile\/puerto-montt\/\" rel=\"category tag\">Puerto Montt<\/a>","rttpg_excerpt":"Una amenaza de bomba difundida a trav\u00e9s de redes sociales, oblig\u00f3 a evacuar este lunes a m\u00e1s de 1.300 estudiantes del colegio Salesiano de Puerto Montt. El mensaje que fue..","_links":{"self":[{"href":"https:\/\/elconquistadorredloslagos.cl\/test\/wp-json\/wp\/v2\/posts\/10986","targetHints":{"allow":["GET"]}}],"collection":[{"href":"https:\/\/elconquistadorredloslagos.cl\/test\/wp-json\/wp\/v2\/posts"}],"about":[{"href":"https:\/\/elconquistadorredloslagos.cl\/test\/wp-json\/wp\/v2\/types\/post"}],"author":[{"embeddable":true,"href":"https:\/\/elconquistadorredloslagos.cl\/test\/wp-json\/wp\/v2\/users\/2"}],"replies":[{"embeddable":true,"href":"https:\/\/elconquistadorredloslagos.cl\/test\/wp-json\/wp\/v2\/comments?post=10986"}],"version-history":[{"count":1,"href":"https:\/\/elconquistadorredloslagos.cl\/test\/wp-json\/wp\/v2\/posts\/10986\/revisions"}],"predecessor-version":[{"id":10989,"href":"https:\/\/elconquistadorredloslagos.cl\/test\/wp-json\/wp\/v2\/posts\/10986\/revisions\/10989"}],"wp:featuredmedia":[{"embeddable":true,"href":"https:\/\/elconquistadorredloslagos.cl\/test\/wp-json\/wp\/v2\/media\/10988"}],"wp:attachment":[{"href":"https:\/\/elconquistadorredloslagos.cl\/test\/wp-json\/wp\/v2\/media?parent=10986"}],"wp:term":[{"taxonomy":"category","embeddable":true,"href":"https:\/\/elconquistadorredloslagos.cl\/test\/wp-json\/wp\/v2\/categories?post=10986"},{"taxonomy":"post_tag","embeddable":true,"href":"https:\/\/elconquistadorredloslagos.cl\/test\/wp-json\/wp\/v2\/tags?post=10986"}],"curies":[{"name":"wp","href":"https:\/\/api.w.org\/{rel}","templated":true}]}}