{"id":10983,"date":"2025-06-03T10:51:01","date_gmt":"2025-06-03T14:51:01","guid":{"rendered":"https:\/\/elconquistadorredloslagos.cl\/test\/?p=10983"},"modified":"2025-06-03T10:51:02","modified_gmt":"2025-06-03T14:51:02","slug":"nacional-cunada-del-presidente-boric-deja-cargo-en-segegob-tras-investigacion-administrativa","status":"publish","type":"post","link":"https:\/\/elconquistadorredloslagos.cl\/test\/blog\/2025\/06\/03\/nacional-cunada-del-presidente-boric-deja-cargo-en-segegob-tras-investigacion-administrativa\/","title":{"rendered":"NACIONAL: Cu\u00f1ada del Presidente Boric deja cargo en SEGEGOB tras investigaci\u00f3n administrativa"},"content":{"rendered":"\n<p>Fiona Bonati, cu\u00f1ada del Presidente Gabriel Boric y asesora de comunicaci\u00f3n estrat\u00e9gica en la Secretar\u00eda de Comunicaciones (SECOM), present\u00f3 su renuncia al Ministerio Secretar\u00eda General de Gobierno (SEGEGOB) luego de que se conociera que viaj\u00f3 al extranjero en dos ocasiones durante una extensi\u00f3n de su postnatal en 2023. La situaci\u00f3n revelada por 24 Horas, motiv\u00f3 la apertura de un sumario administrativo en su contra.<\/p>\n\n\n\n<p>La salida de Bonati quien es esposa de Sim\u00f3n Boric Font, se habr\u00eda concretado el mi\u00e9rcoles pasado cuando fue notificada del procedimiento. \u201cHe tomado esta decisi\u00f3n con el firme prop\u00f3sito de contribuir a resguardar el buen funcionamiento y prestigio de la instituci\u00f3n\u201d, expres\u00f3 en su carta de renuncia publicada por el mismo medio.<\/p>\n\n\n\n<p>El ministro del Interior, \u00c1lvaro Elizalde, explic\u00f3 a CNN Chile que la renuncia no suspende el proceso: \u201cEl sumario sigue su curso. La responsabilidad administrativa debe establecerse\u201d.<\/p>\n\n\n\n<p>Bonati ingres\u00f3 al servicio p\u00fablico en 2012, durante el primer mandato de Sebasti\u00e1n Pi\u00f1era, y formaba parte de SECOM desde 2020. Afirm\u00f3 que colaborar\u00e1 \u201ccon plena transparencia\u201d en la investigaci\u00f3n.<\/p>\n\n\n\n<p>\ud83d\udcf7 Redes sociales<\/p>\n","protected":false},"excerpt":{"rendered":"<p>Fiona Bonati, cu\u00f1ada del Presidente Gabriel Boric y asesora de comunicaci\u00f3n estrat\u00e9gica en la Secretar\u00eda de Comunicaciones (SECOM), present\u00f3 su renuncia al Ministerio Secretar\u00eda General de Gobierno (SEGEGOB) luego de..<\/p>\n","protected":false},"author":2,"featured_media":10984,"comment_status":"closed","ping_status":"open","sticky":false,"template":"","format":"standard","meta":{"footnotes":""},"categories":[1,28,52,38],"tags":[],"class_list":["post-10983","post","type-post","status-publish","format-standard","has-post-thumbnail","hentry","category-acontecer","category-actual","category-chile","category-politica"],"rttpg_featured_image_url":{"full":["https:\/\/elconquistadorredloslagos.cl\/test\/wp-content\/uploads\/2025\/06\/Diseno-sin-titulo-2.jpg",1920,1080,false],"landscape":["https:\/\/elconquistadorredloslagos.cl\/test\/wp-content\/uploads\/2025\/06\/Diseno-sin-titulo-2.jpg",1920,1080,false],"portraits":["https:\/\/elconquistadorredloslagos.cl\/test\/wp-content\/uploads\/2025\/06\/Diseno-sin-titulo-2.jpg",1920,1080,false],"thumbnail":["https:\/\/elconquistadorredloslagos.cl\/test\/wp-content\/uploads\/2025\/06\/Diseno-sin-titulo-2-150x150.jpg",150,150,true],"medium":["https:\/\/elconquistadorredloslagos.cl\/test\/wp-content\/uploads\/2025\/06\/Diseno-sin-titulo-2-300x169.jpg",300,169,true],"large":["https:\/\/elconquistadorredloslagos.cl\/test\/wp-content\/uploads\/2025\/06\/Diseno-sin-titulo-2-1024x576.jpg",1024,576,true],"1536x1536":["https:\/\/elconquistadorredloslagos.cl\/test\/wp-content\/uploads\/2025\/06\/Diseno-sin-titulo-2-1536x864.jpg",1536,864,true],"2048x2048":["https:\/\/elconquistadorredloslagos.cl\/test\/wp-content\/uploads\/2025\/06\/Diseno-sin-titulo-2.jpg",1920,1080,false]},"rttpg_author":{"display_name":"ccardenas","author_link":"https:\/\/elconquistadorredloslagos.cl\/test\/blog\/author\/ccardenas\/"},"rttpg_comment":0,"rttpg_category":"<a href=\"https:\/\/elconquistadorredloslagos.cl\/test\/blog\/category\/actual\/acontecer\/\" rel=\"category tag\">Acontecer<\/a> <a href=\"https:\/\/elconquistadorredloslagos.cl\/test\/blog\/category\/actual\/\" rel=\"category tag\">Actualidad<\/a> <a href=\"https:\/\/elconquistadorredloslagos.cl\/test\/blog\/category\/chile\/\" rel=\"category tag\">Nacional<\/a> <a href=\"https:\/\/elconquistadorredloslagos.cl\/test\/blog\/category\/actual\/politica\/\" rel=\"category tag\">Politica<\/a>","rttpg_excerpt":"Fiona Bonati, cu\u00f1ada del Presidente Gabriel Boric y asesora de comunicaci\u00f3n estrat\u00e9gica en la Secretar\u00eda de Comunicaciones (SECOM), present\u00f3 su renuncia al Ministerio Secretar\u00eda General de Gobierno (SEGEGOB) luego de..","_links":{"self":[{"href":"https:\/\/elconquistadorredloslagos.cl\/test\/wp-json\/wp\/v2\/posts\/10983","targetHints":{"allow":["GET"]}}],"collection":[{"href":"https:\/\/elconquistadorredloslagos.cl\/test\/wp-json\/wp\/v2\/posts"}],"about":[{"href":"https:\/\/elconquistadorredloslagos.cl\/test\/wp-json\/wp\/v2\/types\/post"}],"author":[{"embeddable":true,"href":"https:\/\/elconquistadorredloslagos.cl\/test\/wp-json\/wp\/v2\/users\/2"}],"replies":[{"embeddable":true,"href":"https:\/\/elconquistadorredloslagos.cl\/test\/wp-json\/wp\/v2\/comments?post=10983"}],"version-history":[{"count":1,"href":"https:\/\/elconquistadorredloslagos.cl\/test\/wp-json\/wp\/v2\/posts\/10983\/revisions"}],"predecessor-version":[{"id":10985,"href":"https:\/\/elconquistadorredloslagos.cl\/test\/wp-json\/wp\/v2\/posts\/10983\/revisions\/10985"}],"wp:featuredmedia":[{"embeddable":true,"href":"https:\/\/elconquistadorredloslagos.cl\/test\/wp-json\/wp\/v2\/media\/10984"}],"wp:attachment":[{"href":"https:\/\/elconquistadorredloslagos.cl\/test\/wp-json\/wp\/v2\/media?parent=10983"}],"wp:term":[{"taxonomy":"category","embeddable":true,"href":"https:\/\/elconquistadorredloslagos.cl\/test\/wp-json\/wp\/v2\/categories?post=10983"},{"taxonomy":"post_tag","embeddable":true,"href":"https:\/\/elconquistadorredloslagos.cl\/test\/wp-json\/wp\/v2\/tags?post=10983"}],"curies":[{"name":"wp","href":"https:\/\/api.w.org\/{rel}","templated":true}]}}