{"id":10980,"date":"2025-06-03T10:38:07","date_gmt":"2025-06-03T14:38:07","guid":{"rendered":"https:\/\/elconquistadorredloslagos.cl\/test\/?p=10980"},"modified":"2025-06-03T10:38:07","modified_gmt":"2025-06-03T14:38:07","slug":"fin-de-semana-tragico-en-puerto-montt-con-dos-peatones-muertos-por-atropellos","status":"publish","type":"post","link":"https:\/\/elconquistadorredloslagos.cl\/test\/blog\/2025\/06\/03\/fin-de-semana-tragico-en-puerto-montt-con-dos-peatones-muertos-por-atropellos\/","title":{"rendered":"Fin de semana tr\u00e1gico en Puerto Montt con dos peatones muertos por atropellos"},"content":{"rendered":"\n<p>Dos hombres perdieron la vida este fin de semana en Puerto Montt tras ser atropellados en hechos ocurridos en distintos sectores de la capital regional. El primero de los accidentes se registr\u00f3 la ma\u00f1ana del s\u00e1bado, cuando un adulto mayor de 70 a\u00f1os fue arrollado por una ambulancia en la Ruta 5 a la altura del sector Trap\u00e9n.<\/p>\n\n\n\n<p>El segundo hecho ocurri\u00f3 la noche del domingo en la ruta V-615, que conecta Alerce con La Colonia. A la altura del kil\u00f3metro 4,5 una camioneta impact\u00f3 a un peat\u00f3n que cruzaba la calzada.<\/p>\n\n\n\n<p>La v\u00edctima fue atendida en el lugar por voluntarios de la Novena Compa\u00f1\u00eda de Bomberos, quienes lograron reanimarlo antes de trasladarlo al Servicio de Alta Resolutividad (SAR) de Alerce. Sin embargo pese a los esfuerzos m\u00e9dicos, falleci\u00f3 horas m\u00e1s tarde.<\/p>\n\n\n\n<p>El capit\u00e1n Sebasti\u00e1n Barr\u00eda, jefe de la Secci\u00f3n de Investigaci\u00f3n de Accidentes de Tr\u00e1nsito (SIAT) Llanquihue, inform\u00f3 que el Ministerio P\u00fablico orden\u00f3 peritajes especializados para determinar las causas del accidente y eventuales responsabilidades. Adem\u00e1s, hizo un llamado a extremar precauciones: \u201cRecomendamos conducir atentos a las condiciones del tr\u00e1nsito y fomentar una adecuada convivencia vial\u201d.<\/p>\n\n\n\n<p>\ud83d\udcf7 Referencial<\/p>\n","protected":false},"excerpt":{"rendered":"<p>Dos hombres perdieron la vida este fin de semana en Puerto Montt tras ser atropellados en hechos ocurridos en distintos sectores de la capital regional. El primero de los accidentes..<\/p>\n","protected":false},"author":2,"featured_media":10981,"comment_status":"closed","ping_status":"open","sticky":false,"template":"","format":"standard","meta":{"footnotes":""},"categories":[1,28,56],"tags":[],"class_list":["post-10980","post","type-post","status-publish","format-standard","has-post-thumbnail","hentry","category-acontecer","category-actual","category-puerto-montt"],"rttpg_featured_image_url":{"full":["https:\/\/elconquistadorredloslagos.cl\/test\/wp-content\/uploads\/2025\/06\/Diseno-sin-titulo-1.jpg",1920,1080,false],"landscape":["https:\/\/elconquistadorredloslagos.cl\/test\/wp-content\/uploads\/2025\/06\/Diseno-sin-titulo-1.jpg",1920,1080,false],"portraits":["https:\/\/elconquistadorredloslagos.cl\/test\/wp-content\/uploads\/2025\/06\/Diseno-sin-titulo-1.jpg",1920,1080,false],"thumbnail":["https:\/\/elconquistadorredloslagos.cl\/test\/wp-content\/uploads\/2025\/06\/Diseno-sin-titulo-1-150x150.jpg",150,150,true],"medium":["https:\/\/elconquistadorredloslagos.cl\/test\/wp-content\/uploads\/2025\/06\/Diseno-sin-titulo-1-300x169.jpg",300,169,true],"large":["https:\/\/elconquistadorredloslagos.cl\/test\/wp-content\/uploads\/2025\/06\/Diseno-sin-titulo-1-1024x576.jpg",1024,576,true],"1536x1536":["https:\/\/elconquistadorredloslagos.cl\/test\/wp-content\/uploads\/2025\/06\/Diseno-sin-titulo-1-1536x864.jpg",1536,864,true],"2048x2048":["https:\/\/elconquistadorredloslagos.cl\/test\/wp-content\/uploads\/2025\/06\/Diseno-sin-titulo-1.jpg",1920,1080,false]},"rttpg_author":{"display_name":"ccardenas","author_link":"https:\/\/elconquistadorredloslagos.cl\/test\/blog\/author\/ccardenas\/"},"rttpg_comment":0,"rttpg_category":"<a href=\"https:\/\/elconquistadorredloslagos.cl\/test\/blog\/category\/actual\/acontecer\/\" rel=\"category tag\">Acontecer<\/a> <a href=\"https:\/\/elconquistadorredloslagos.cl\/test\/blog\/category\/actual\/\" rel=\"category tag\">Actualidad<\/a> <a href=\"https:\/\/elconquistadorredloslagos.cl\/test\/blog\/category\/chile\/puerto-montt\/\" rel=\"category tag\">Puerto Montt<\/a>","rttpg_excerpt":"Dos hombres perdieron la vida este fin de semana en Puerto Montt tras ser atropellados en hechos ocurridos en distintos sectores de la capital regional. El primero de los accidentes..","_links":{"self":[{"href":"https:\/\/elconquistadorredloslagos.cl\/test\/wp-json\/wp\/v2\/posts\/10980","targetHints":{"allow":["GET"]}}],"collection":[{"href":"https:\/\/elconquistadorredloslagos.cl\/test\/wp-json\/wp\/v2\/posts"}],"about":[{"href":"https:\/\/elconquistadorredloslagos.cl\/test\/wp-json\/wp\/v2\/types\/post"}],"author":[{"embeddable":true,"href":"https:\/\/elconquistadorredloslagos.cl\/test\/wp-json\/wp\/v2\/users\/2"}],"replies":[{"embeddable":true,"href":"https:\/\/elconquistadorredloslagos.cl\/test\/wp-json\/wp\/v2\/comments?post=10980"}],"version-history":[{"count":1,"href":"https:\/\/elconquistadorredloslagos.cl\/test\/wp-json\/wp\/v2\/posts\/10980\/revisions"}],"predecessor-version":[{"id":10982,"href":"https:\/\/elconquistadorredloslagos.cl\/test\/wp-json\/wp\/v2\/posts\/10980\/revisions\/10982"}],"wp:featuredmedia":[{"embeddable":true,"href":"https:\/\/elconquistadorredloslagos.cl\/test\/wp-json\/wp\/v2\/media\/10981"}],"wp:attachment":[{"href":"https:\/\/elconquistadorredloslagos.cl\/test\/wp-json\/wp\/v2\/media?parent=10980"}],"wp:term":[{"taxonomy":"category","embeddable":true,"href":"https:\/\/elconquistadorredloslagos.cl\/test\/wp-json\/wp\/v2\/categories?post=10980"},{"taxonomy":"post_tag","embeddable":true,"href":"https:\/\/elconquistadorredloslagos.cl\/test\/wp-json\/wp\/v2\/tags?post=10980"}],"curies":[{"name":"wp","href":"https:\/\/api.w.org\/{rel}","templated":true}]}}