{"id":10976,"date":"2025-06-03T10:23:14","date_gmt":"2025-06-03T14:23:14","guid":{"rendered":"https:\/\/elconquistadorredloslagos.cl\/test\/?p=10976"},"modified":"2025-06-03T10:23:15","modified_gmt":"2025-06-03T14:23:15","slug":"instalaran-primeras-viviendas-de-emergencia-tras-devastador-tornado-en-puerto-varas","status":"publish","type":"post","link":"https:\/\/elconquistadorredloslagos.cl\/test\/blog\/2025\/06\/03\/instalaran-primeras-viviendas-de-emergencia-tras-devastador-tornado-en-puerto-varas\/","title":{"rendered":"Instalar\u00e1n primeras viviendas de emergencia tras devastador tornado en Puerto Varas"},"content":{"rendered":"\n<p>Tras el paso del tornado que azot\u00f3 Puerto Varas y recorri\u00f3 m\u00e1s de 12 kil\u00f3metros dejando 387 viviendas da\u00f1adas y m\u00e1s de mil personas afectadas, comienzan a materializarse las primeras acciones concretas del Plan de Recuperaci\u00f3n.<\/p>\n\n\n\n<p>El alcalde Tom\u00e1s G\u00e1rate confirm\u00f3 que la pr\u00f3xima semana se instalar\u00e1n 21 viviendas de emergencia para las familias damnificadas.<\/p>\n\n\n\n<figure class=\"wp-block-audio\"><audio controls src=\"https:\/\/elconquistadorredloslagos.cl\/test\/wp-content\/uploads\/2025\/06\/TOMAS-GARATE-online-audio-converter.com_.mp3\"><\/audio><\/figure>\n\n\n\n<p>El fen\u00f3meno no solo golpe\u00f3 a los hogares: tambi\u00e9n afect\u00f3 a 100 emprendimientos locales, elevando el da\u00f1o econ\u00f3mico a m\u00e1s de $31 mil millones. En paralelo, gracias a un trabajo coordinado entre Fuerzas Armadas, Carabineros, organizaciones civiles y vecinos, se ha logrado retirar casi la totalidad de los escombros.<\/p>\n\n\n\n<p>El general Jorge Valdivia, jefe de zona de Carabineros, inform\u00f3 que el contingente de apoyo proveniente de otras regiones ya regresa, mientras que el resguardo continuar\u00e1 con polic\u00edas locales y controles reforzados.<\/p>\n\n\n\n<p>El Plan de Recuperaci\u00f3n contempla una inversi\u00f3n de $13 mil millones y seis ejes estrat\u00e9gicos. Destaca el bienestar social, fortalecimiento institucional, restauraci\u00f3n patrimonial, reactivaci\u00f3n econ\u00f3mica y tur\u00edstica, reconstrucci\u00f3n habitacional e infraestructura p\u00fablica. Entre las medidas de largo plazo tambi\u00e9n se encuentra el desarrollo de un proyecto de soterramiento el\u00e9ctrico.<\/p>\n\n\n\n<p>\ud83d\udcf7 Ilustre Municipalidad de Puerto Varas &#8211; Facebook<\/p>\n","protected":false},"excerpt":{"rendered":"<p>Tras el paso del tornado que azot\u00f3 Puerto Varas y recorri\u00f3 m\u00e1s de 12 kil\u00f3metros dejando 387 viviendas da\u00f1adas y m\u00e1s de mil personas afectadas, comienzan a materializarse las primeras..<\/p>\n","protected":false},"author":2,"featured_media":10978,"comment_status":"closed","ping_status":"open","sticky":false,"template":"","format":"standard","meta":{"footnotes":""},"categories":[1,28,54],"tags":[],"class_list":["post-10976","post","type-post","status-publish","format-standard","has-post-thumbnail","hentry","category-acontecer","category-actual","category-lago-llanquihue"],"rttpg_featured_image_url":{"full":["https:\/\/elconquistadorredloslagos.cl\/test\/wp-content\/uploads\/2025\/06\/Diseno-sin-titulo.jpg",1920,1080,false],"landscape":["https:\/\/elconquistadorredloslagos.cl\/test\/wp-content\/uploads\/2025\/06\/Diseno-sin-titulo.jpg",1920,1080,false],"portraits":["https:\/\/elconquistadorredloslagos.cl\/test\/wp-content\/uploads\/2025\/06\/Diseno-sin-titulo.jpg",1920,1080,false],"thumbnail":["https:\/\/elconquistadorredloslagos.cl\/test\/wp-content\/uploads\/2025\/06\/Diseno-sin-titulo-150x150.jpg",150,150,true],"medium":["https:\/\/elconquistadorredloslagos.cl\/test\/wp-content\/uploads\/2025\/06\/Diseno-sin-titulo-300x169.jpg",300,169,true],"large":["https:\/\/elconquistadorredloslagos.cl\/test\/wp-content\/uploads\/2025\/06\/Diseno-sin-titulo-1024x576.jpg",1024,576,true],"1536x1536":["https:\/\/elconquistadorredloslagos.cl\/test\/wp-content\/uploads\/2025\/06\/Diseno-sin-titulo-1536x864.jpg",1536,864,true],"2048x2048":["https:\/\/elconquistadorredloslagos.cl\/test\/wp-content\/uploads\/2025\/06\/Diseno-sin-titulo.jpg",1920,1080,false]},"rttpg_author":{"display_name":"ccardenas","author_link":"https:\/\/elconquistadorredloslagos.cl\/test\/blog\/author\/ccardenas\/"},"rttpg_comment":0,"rttpg_category":"<a href=\"https:\/\/elconquistadorredloslagos.cl\/test\/blog\/category\/actual\/acontecer\/\" rel=\"category tag\">Acontecer<\/a> <a href=\"https:\/\/elconquistadorredloslagos.cl\/test\/blog\/category\/actual\/\" rel=\"category tag\">Actualidad<\/a> <a href=\"https:\/\/elconquistadorredloslagos.cl\/test\/blog\/category\/chile\/lago-llanquihue\/\" rel=\"category tag\">Lago LLanquihue<\/a>","rttpg_excerpt":"Tras el paso del tornado que azot\u00f3 Puerto Varas y recorri\u00f3 m\u00e1s de 12 kil\u00f3metros dejando 387 viviendas da\u00f1adas y m\u00e1s de mil personas afectadas, comienzan a materializarse las primeras..","_links":{"self":[{"href":"https:\/\/elconquistadorredloslagos.cl\/test\/wp-json\/wp\/v2\/posts\/10976","targetHints":{"allow":["GET"]}}],"collection":[{"href":"https:\/\/elconquistadorredloslagos.cl\/test\/wp-json\/wp\/v2\/posts"}],"about":[{"href":"https:\/\/elconquistadorredloslagos.cl\/test\/wp-json\/wp\/v2\/types\/post"}],"author":[{"embeddable":true,"href":"https:\/\/elconquistadorredloslagos.cl\/test\/wp-json\/wp\/v2\/users\/2"}],"replies":[{"embeddable":true,"href":"https:\/\/elconquistadorredloslagos.cl\/test\/wp-json\/wp\/v2\/comments?post=10976"}],"version-history":[{"count":1,"href":"https:\/\/elconquistadorredloslagos.cl\/test\/wp-json\/wp\/v2\/posts\/10976\/revisions"}],"predecessor-version":[{"id":10979,"href":"https:\/\/elconquistadorredloslagos.cl\/test\/wp-json\/wp\/v2\/posts\/10976\/revisions\/10979"}],"wp:featuredmedia":[{"embeddable":true,"href":"https:\/\/elconquistadorredloslagos.cl\/test\/wp-json\/wp\/v2\/media\/10978"}],"wp:attachment":[{"href":"https:\/\/elconquistadorredloslagos.cl\/test\/wp-json\/wp\/v2\/media?parent=10976"}],"wp:term":[{"taxonomy":"category","embeddable":true,"href":"https:\/\/elconquistadorredloslagos.cl\/test\/wp-json\/wp\/v2\/categories?post=10976"},{"taxonomy":"post_tag","embeddable":true,"href":"https:\/\/elconquistadorredloslagos.cl\/test\/wp-json\/wp\/v2\/tags?post=10976"}],"curies":[{"name":"wp","href":"https:\/\/api.w.org\/{rel}","templated":true}]}}