{"id":10970,"date":"2025-06-02T18:36:17","date_gmt":"2025-06-02T22:36:17","guid":{"rendered":"https:\/\/elconquistadorredloslagos.cl\/test\/?p=10970"},"modified":"2025-06-03T13:55:22","modified_gmt":"2025-06-03T17:55:22","slug":"chiloe-quedo-fuera-del-foco-presidencial-en-la-cuenta-publica-2025","status":"publish","type":"post","link":"https:\/\/elconquistadorredloslagos.cl\/test\/blog\/2025\/06\/02\/chiloe-quedo-fuera-del-foco-presidencial-en-la-cuenta-publica-2025\/","title":{"rendered":"Chilo\u00e9 qued\u00f3 fuera del foco presidencial en la Cuenta P\u00fablica 2025"},"content":{"rendered":"\n<p>La Cuenta P\u00fablica 2025 del Presidente Gabriel Boric dej\u00f3 con gusto a poco a Chilo\u00e9. A pesar de mencionar la provincia en un par de ocasiones, el mandatario omiti\u00f3 temas claves para el desarrollo del Archipi\u00e9lago, lo que gener\u00f3 cr\u00edticas entre autoridades y dirigentes locales.<\/p>\n\n\n\n<p>Uno de los grandes ausentes fue el proyecto de doble v\u00eda entre Chacao y Chonchi, cuya licitaci\u00f3n ha sido postergada en 10 ocasiones, vivir\u00e1 esta semana una etapa crucial con la apertura t\u00e9cnica programada para el mi\u00e9rcoles. La comunidad esperaba un respaldo presidencial claro ante la incertidumbre que arrastra la iniciativa.<\/p>\n\n\n\n<p>Tampoco hubo menci\u00f3n a una fecha sumamente relevante para el territorio insular: el Bicentenario de la Anexi\u00f3n de Chilo\u00e9 a la Rep\u00fablica, conmemoraci\u00f3n hist\u00f3rica que se celebrar\u00e1 en poco m\u00e1s de siete meses y que -seg\u00fan l\u00edderes locales- merec\u00eda reconocimiento nacional.<\/p>\n\n\n\n<p>Entre los pocos anuncios vinculados a la zona destac\u00f3 la mejora t\u00e9rmica del Liceo Polivalente de Ancud.<\/p>\n\n\n\n<figure class=\"wp-block-audio\"><audio controls src=\"https:\/\/elconquistadorredloslagos.cl\/test\/wp-content\/uploads\/2025\/06\/BORIC-X-POLIVALENTE.mp3\"><\/audio><\/figure>\n\n\n\n<p>Tambi\u00e9n hubo palabras para los hospitales de Queilen y Quell\u00f3n que estar\u00e1n operativos antes de 2026, junto con el futuro recinto de Ancud.<\/p>\n\n\n\n<figure class=\"wp-block-audio\"><audio controls src=\"https:\/\/elconquistadorredloslagos.cl\/test\/wp-content\/uploads\/2025\/06\/BORIC-X-HOSPITALES.mp3\"><\/audio><\/figure>\n\n\n\n<p>Desde el \u00e1mbito parlamentario hubo cr\u00edticas al discurso del primer Mandatario, c\u00f3mo el caso del diputado por la zona, Fernando B\u00f3rquez.<\/p>\n\n\n\n<figure class=\"wp-block-audio\"><audio controls src=\"https:\/\/elconquistadorredloslagos.cl\/test\/wp-content\/uploads\/2025\/06\/CUNA-F-BORQUEZ.mp3\"><\/audio><\/figure>\n\n\n\n<p>Quien tambi\u00e9n hizo menci\u00f3n sobre las palabras de Boric, fue el senador Fidel Espinoza quien lament\u00f3 que no se haya incorporado ninguna tem\u00e1tica referente a los 200 a\u00f1os de la Anexi\u00f3n de Chilo\u00e9 a Chile por parte del Ministerio de Las Culturas, Las Artes y El Patrimonio, en una efem\u00e9ride que se cumple en 2026.<\/p>\n\n\n\n<p><\/p>\n","protected":false},"excerpt":{"rendered":"<p>La Cuenta P\u00fablica 2025 del Presidente Gabriel Boric dej\u00f3 con gusto a poco a Chilo\u00e9. A pesar de mencionar la provincia en un par de ocasiones, el mandatario omiti\u00f3 temas..<\/p>\n","protected":false},"author":2,"featured_media":10974,"comment_status":"closed","ping_status":"open","sticky":false,"template":"","format":"standard","meta":{"footnotes":""},"categories":[1,28,51,52],"tags":[],"class_list":["post-10970","post","type-post","status-publish","format-standard","has-post-thumbnail","hentry","category-acontecer","category-actual","category-chiloe","category-chile"],"rttpg_featured_image_url":{"full":["https:\/\/elconquistadorredloslagos.cl\/test\/wp-content\/uploads\/2025\/06\/img-8.jpg",1920,1080,false],"landscape":["https:\/\/elconquistadorredloslagos.cl\/test\/wp-content\/uploads\/2025\/06\/img-8.jpg",1920,1080,false],"portraits":["https:\/\/elconquistadorredloslagos.cl\/test\/wp-content\/uploads\/2025\/06\/img-8.jpg",1920,1080,false],"thumbnail":["https:\/\/elconquistadorredloslagos.cl\/test\/wp-content\/uploads\/2025\/06\/img-8-150x150.jpg",150,150,true],"medium":["https:\/\/elconquistadorredloslagos.cl\/test\/wp-content\/uploads\/2025\/06\/img-8-300x169.jpg",300,169,true],"large":["https:\/\/elconquistadorredloslagos.cl\/test\/wp-content\/uploads\/2025\/06\/img-8-1024x576.jpg",1024,576,true],"1536x1536":["https:\/\/elconquistadorredloslagos.cl\/test\/wp-content\/uploads\/2025\/06\/img-8-1536x864.jpg",1536,864,true],"2048x2048":["https:\/\/elconquistadorredloslagos.cl\/test\/wp-content\/uploads\/2025\/06\/img-8.jpg",1920,1080,false]},"rttpg_author":{"display_name":"ccardenas","author_link":"https:\/\/elconquistadorredloslagos.cl\/test\/blog\/author\/ccardenas\/"},"rttpg_comment":0,"rttpg_category":"<a href=\"https:\/\/elconquistadorredloslagos.cl\/test\/blog\/category\/actual\/acontecer\/\" rel=\"category tag\">Acontecer<\/a> <a href=\"https:\/\/elconquistadorredloslagos.cl\/test\/blog\/category\/actual\/\" rel=\"category tag\">Actualidad<\/a> <a href=\"https:\/\/elconquistadorredloslagos.cl\/test\/blog\/category\/chile\/chiloe\/\" rel=\"category tag\">Chilo\u00e9<\/a> <a href=\"https:\/\/elconquistadorredloslagos.cl\/test\/blog\/category\/chile\/\" rel=\"category tag\">Nacional<\/a>","rttpg_excerpt":"La Cuenta P\u00fablica 2025 del Presidente Gabriel Boric dej\u00f3 con gusto a poco a Chilo\u00e9. A pesar de mencionar la provincia en un par de ocasiones, el mandatario omiti\u00f3 temas..","_links":{"self":[{"href":"https:\/\/elconquistadorredloslagos.cl\/test\/wp-json\/wp\/v2\/posts\/10970","targetHints":{"allow":["GET"]}}],"collection":[{"href":"https:\/\/elconquistadorredloslagos.cl\/test\/wp-json\/wp\/v2\/posts"}],"about":[{"href":"https:\/\/elconquistadorredloslagos.cl\/test\/wp-json\/wp\/v2\/types\/post"}],"author":[{"embeddable":true,"href":"https:\/\/elconquistadorredloslagos.cl\/test\/wp-json\/wp\/v2\/users\/2"}],"replies":[{"embeddable":true,"href":"https:\/\/elconquistadorredloslagos.cl\/test\/wp-json\/wp\/v2\/comments?post=10970"}],"version-history":[{"count":2,"href":"https:\/\/elconquistadorredloslagos.cl\/test\/wp-json\/wp\/v2\/posts\/10970\/revisions"}],"predecessor-version":[{"id":11024,"href":"https:\/\/elconquistadorredloslagos.cl\/test\/wp-json\/wp\/v2\/posts\/10970\/revisions\/11024"}],"wp:featuredmedia":[{"embeddable":true,"href":"https:\/\/elconquistadorredloslagos.cl\/test\/wp-json\/wp\/v2\/media\/10974"}],"wp:attachment":[{"href":"https:\/\/elconquistadorredloslagos.cl\/test\/wp-json\/wp\/v2\/media?parent=10970"}],"wp:term":[{"taxonomy":"category","embeddable":true,"href":"https:\/\/elconquistadorredloslagos.cl\/test\/wp-json\/wp\/v2\/categories?post=10970"},{"taxonomy":"post_tag","embeddable":true,"href":"https:\/\/elconquistadorredloslagos.cl\/test\/wp-json\/wp\/v2\/tags?post=10970"}],"curies":[{"name":"wp","href":"https:\/\/api.w.org\/{rel}","templated":true}]}}