{"id":10966,"date":"2025-06-02T16:59:07","date_gmt":"2025-06-02T20:59:07","guid":{"rendered":"https:\/\/elconquistadorredloslagos.cl\/test\/?p=10966"},"modified":"2025-06-02T16:59:08","modified_gmt":"2025-06-02T20:59:08","slug":"crece-la-expectacion-en-chiloe-con-apertura-de-ofertas-tecnicas-para-el-proyecto-de-doble-via","status":"publish","type":"post","link":"https:\/\/elconquistadorredloslagos.cl\/test\/blog\/2025\/06\/02\/crece-la-expectacion-en-chiloe-con-apertura-de-ofertas-tecnicas-para-el-proyecto-de-doble-via\/","title":{"rendered":"Crece la expectaci\u00f3n en Chilo\u00e9 con apertura de ofertas t\u00e9cnicas para el proyecto de doble v\u00eda"},"content":{"rendered":"\n<p>Este mi\u00e9rcoles 4 de junio se vivir\u00e1 un momento clave para el futuro vial de Chilo\u00e9. En el Edificio P\u00fablico de Villa Chacao y a trav\u00e9s de conexi\u00f3n remota, autoridades y representantes sociales ser\u00e1n testigos de la apertura de las ofertas t\u00e9cnicas para la esperada licitaci\u00f3n de la doble v\u00eda para el tramo Chacao-Chonchi.<\/p>\n\n\n\n<p>La presi\u00f3n ciudadana aument\u00f3 tras una reuni\u00f3n de realizada en el Hotel Ancud, convocada por gremios locales a ra\u00edz de los recientes accidentes en la Ruta 5 Sur, lo que reactiv\u00f3 el debate sobre la urgencia de concretar el proyecto.<\/p>\n\n\n\n<p>Dirigentes del comercio y el transporte expresaron que esta instancia es decisiva para dejar atr\u00e1s una d\u00e9cada de retrasos, marcados por diez postergaciones en el proceso licitatorio. As\u00ed lo recalc\u00f3 el presidente de la C\u00e1mara de Comercio Detallista y Turismo de Ancud, Gast\u00f3n C\u00e1rcamo.<\/p>\n\n\n\n<figure class=\"wp-block-audio\"><audio controls src=\"https:\/\/elconquistadorredloslagos.cl\/test\/wp-content\/uploads\/2025\/06\/CUNA-GASTON-X-DOBLEVIA.mp3\"><\/audio><\/figure>\n\n\n\n<p>La obra contempla una v\u00eda doble de 110 kil\u00f3metros y una inversi\u00f3n que supera los 600 millones de d\u00f3lares, configur\u00e1ndose como una de las iniciativas de infraestructura m\u00e1s ambiciosas en la historia de la provincia.<\/p>\n\n\n\n<p>\ud83d\udcf7 Maqueta virtual<\/p>\n","protected":false},"excerpt":{"rendered":"<p>Este mi\u00e9rcoles 4 de junio se vivir\u00e1 un momento clave para el futuro vial de Chilo\u00e9. En el Edificio P\u00fablico de Villa Chacao y a trav\u00e9s de conexi\u00f3n remota, autoridades..<\/p>\n","protected":false},"author":2,"featured_media":10968,"comment_status":"closed","ping_status":"open","sticky":false,"template":"","format":"standard","meta":{"footnotes":""},"categories":[1,28,51],"tags":[],"class_list":["post-10966","post","type-post","status-publish","format-standard","has-post-thumbnail","hentry","category-acontecer","category-actual","category-chiloe"],"rttpg_featured_image_url":{"full":["https:\/\/elconquistadorredloslagos.cl\/test\/wp-content\/uploads\/2025\/06\/img-7.jpg",1920,1080,false],"landscape":["https:\/\/elconquistadorredloslagos.cl\/test\/wp-content\/uploads\/2025\/06\/img-7.jpg",1920,1080,false],"portraits":["https:\/\/elconquistadorredloslagos.cl\/test\/wp-content\/uploads\/2025\/06\/img-7.jpg",1920,1080,false],"thumbnail":["https:\/\/elconquistadorredloslagos.cl\/test\/wp-content\/uploads\/2025\/06\/img-7-150x150.jpg",150,150,true],"medium":["https:\/\/elconquistadorredloslagos.cl\/test\/wp-content\/uploads\/2025\/06\/img-7-300x169.jpg",300,169,true],"large":["https:\/\/elconquistadorredloslagos.cl\/test\/wp-content\/uploads\/2025\/06\/img-7-1024x576.jpg",1024,576,true],"1536x1536":["https:\/\/elconquistadorredloslagos.cl\/test\/wp-content\/uploads\/2025\/06\/img-7-1536x864.jpg",1536,864,true],"2048x2048":["https:\/\/elconquistadorredloslagos.cl\/test\/wp-content\/uploads\/2025\/06\/img-7.jpg",1920,1080,false]},"rttpg_author":{"display_name":"ccardenas","author_link":"https:\/\/elconquistadorredloslagos.cl\/test\/blog\/author\/ccardenas\/"},"rttpg_comment":0,"rttpg_category":"<a href=\"https:\/\/elconquistadorredloslagos.cl\/test\/blog\/category\/actual\/acontecer\/\" rel=\"category tag\">Acontecer<\/a> <a href=\"https:\/\/elconquistadorredloslagos.cl\/test\/blog\/category\/actual\/\" rel=\"category tag\">Actualidad<\/a> <a href=\"https:\/\/elconquistadorredloslagos.cl\/test\/blog\/category\/chile\/chiloe\/\" rel=\"category tag\">Chilo\u00e9<\/a>","rttpg_excerpt":"Este mi\u00e9rcoles 4 de junio se vivir\u00e1 un momento clave para el futuro vial de Chilo\u00e9. En el Edificio P\u00fablico de Villa Chacao y a trav\u00e9s de conexi\u00f3n remota, autoridades..","_links":{"self":[{"href":"https:\/\/elconquistadorredloslagos.cl\/test\/wp-json\/wp\/v2\/posts\/10966","targetHints":{"allow":["GET"]}}],"collection":[{"href":"https:\/\/elconquistadorredloslagos.cl\/test\/wp-json\/wp\/v2\/posts"}],"about":[{"href":"https:\/\/elconquistadorredloslagos.cl\/test\/wp-json\/wp\/v2\/types\/post"}],"author":[{"embeddable":true,"href":"https:\/\/elconquistadorredloslagos.cl\/test\/wp-json\/wp\/v2\/users\/2"}],"replies":[{"embeddable":true,"href":"https:\/\/elconquistadorredloslagos.cl\/test\/wp-json\/wp\/v2\/comments?post=10966"}],"version-history":[{"count":1,"href":"https:\/\/elconquistadorredloslagos.cl\/test\/wp-json\/wp\/v2\/posts\/10966\/revisions"}],"predecessor-version":[{"id":10969,"href":"https:\/\/elconquistadorredloslagos.cl\/test\/wp-json\/wp\/v2\/posts\/10966\/revisions\/10969"}],"wp:featuredmedia":[{"embeddable":true,"href":"https:\/\/elconquistadorredloslagos.cl\/test\/wp-json\/wp\/v2\/media\/10968"}],"wp:attachment":[{"href":"https:\/\/elconquistadorredloslagos.cl\/test\/wp-json\/wp\/v2\/media?parent=10966"}],"wp:term":[{"taxonomy":"category","embeddable":true,"href":"https:\/\/elconquistadorredloslagos.cl\/test\/wp-json\/wp\/v2\/categories?post=10966"},{"taxonomy":"post_tag","embeddable":true,"href":"https:\/\/elconquistadorredloslagos.cl\/test\/wp-json\/wp\/v2\/tags?post=10966"}],"curies":[{"name":"wp","href":"https:\/\/api.w.org\/{rel}","templated":true}]}}