{"id":10960,"date":"2025-06-02T16:20:15","date_gmt":"2025-06-02T20:20:15","guid":{"rendered":"https:\/\/elconquistadorredloslagos.cl\/test\/?p=10960"},"modified":"2025-06-02T16:20:15","modified_gmt":"2025-06-02T20:20:15","slug":"primera-piedra-en-ruta-5-marca-inicio-de-millonaria-obra-de-conectividad-en-la-provincia-de-llanquihue","status":"publish","type":"post","link":"https:\/\/elconquistadorredloslagos.cl\/test\/blog\/2025\/06\/02\/primera-piedra-en-ruta-5-marca-inicio-de-millonaria-obra-de-conectividad-en-la-provincia-de-llanquihue\/","title":{"rendered":"Primera piedra en Ruta 5 marca inicio de millonaria obra de conectividad en la provincia de Llanquihue"},"content":{"rendered":"\n<p>Con un acto simb\u00f3lico, autoridades regionales, vecinos y dirigentes sociales dieron inicio a las obras del Convenio Complementario N\u00b05 de la Concesi\u00f3n Ruta 5 Tramo Puerto Montt-Pargua. La ceremonia, representa un hito para mejorar la conectividad y seguridad vial en localidades como Calbuco, Colaco, Abtao y Pargua.<\/p>\n\n\n\n<p>El proyecto impulsado por el MOP a trav\u00e9s de su Direcci\u00f3n General de Concesiones, contempla una inversi\u00f3n superior a los 20 mil millones de pesos. Entre sus principales obras se consideran cinco pasarelas peatonales, un enlace de retorno en cuesta G\u00f3mez, mejoras en seguridad vial, se\u00f1al\u00e9tica tur\u00edstica, paisajismo y paneles informativos para alertar sobre condiciones clim\u00e1ticas adversas.<\/p>\n\n\n\n<p>Respecto a esto el seremi de Obras P\u00fablicas, Juan Fernando Alvarado, se\u00f1al\u00f3 que este proyecto viene a cambiar enormemente la calidad de vida de todos los sectores.<\/p>\n\n\n\n<figure class=\"wp-block-audio\"><audio controls src=\"https:\/\/elconquistadorredloslagos.cl\/test\/wp-content\/uploads\/2025\/06\/Seremi-de-Obras-Puiblicas-Juan-Fernando-Alvarado.mp3\"><\/audio><\/figure>\n\n\n\n<p>Las obras consisten en la\u00a0 construcci\u00f3n de 5 pasarelas peatonales, calles de servicio, paisajismo, se\u00f1alizaci\u00f3n tur\u00edstica y de servicios b\u00e1sicos, y mejoramiento de seguridad vial. As\u00ed lo confirm\u00f3 Ignacio Godoy, Gerente General Concesionaria Ruta del Canal.<\/p>\n\n\n\n<figure class=\"wp-block-audio\"><audio controls src=\"https:\/\/elconquistadorredloslagos.cl\/test\/wp-content\/uploads\/2025\/06\/Ignacio-Godoy-Gerente-General.mp3\"><\/audio><\/figure>\n\n\n\n<p>Este mejoramiento responde\u00a0 a las demandas de los vecinos del sector, que buscan desde hace muchos a\u00f1os el tr\u00e1nsito seguro en la zona. Pilar Huenchucheo, dirigente de la mesa social ruta 5 sur, destac\u00f3 la iniciativa.<\/p>\n\n\n\n<figure class=\"wp-block-audio\"><audio controls src=\"https:\/\/elconquistadorredloslagos.cl\/test\/wp-content\/uploads\/2025\/06\/Pilar-Huenchucheo-mesa-social-ruta-5-sur.mp3\"><\/audio><\/figure>\n\n\n\n<p>Se estima que los trabajos concluyan en junio de 2026.<\/p>\n","protected":false},"excerpt":{"rendered":"<p>Con un acto simb\u00f3lico, autoridades regionales, vecinos y dirigentes sociales dieron inicio a las obras del Convenio Complementario N\u00b05 de la Concesi\u00f3n Ruta 5 Tramo Puerto Montt-Pargua. La ceremonia, representa..<\/p>\n","protected":false},"author":2,"featured_media":10964,"comment_status":"closed","ping_status":"open","sticky":false,"template":"","format":"standard","meta":{"footnotes":""},"categories":[1,28,56],"tags":[],"class_list":["post-10960","post","type-post","status-publish","format-standard","has-post-thumbnail","hentry","category-acontecer","category-actual","category-puerto-montt"],"rttpg_featured_image_url":{"full":["https:\/\/elconquistadorredloslagos.cl\/test\/wp-content\/uploads\/2025\/06\/img-6.jpg",1920,1080,false],"landscape":["https:\/\/elconquistadorredloslagos.cl\/test\/wp-content\/uploads\/2025\/06\/img-6.jpg",1920,1080,false],"portraits":["https:\/\/elconquistadorredloslagos.cl\/test\/wp-content\/uploads\/2025\/06\/img-6.jpg",1920,1080,false],"thumbnail":["https:\/\/elconquistadorredloslagos.cl\/test\/wp-content\/uploads\/2025\/06\/img-6-150x150.jpg",150,150,true],"medium":["https:\/\/elconquistadorredloslagos.cl\/test\/wp-content\/uploads\/2025\/06\/img-6-300x169.jpg",300,169,true],"large":["https:\/\/elconquistadorredloslagos.cl\/test\/wp-content\/uploads\/2025\/06\/img-6-1024x576.jpg",1024,576,true],"1536x1536":["https:\/\/elconquistadorredloslagos.cl\/test\/wp-content\/uploads\/2025\/06\/img-6-1536x864.jpg",1536,864,true],"2048x2048":["https:\/\/elconquistadorredloslagos.cl\/test\/wp-content\/uploads\/2025\/06\/img-6.jpg",1920,1080,false]},"rttpg_author":{"display_name":"ccardenas","author_link":"https:\/\/elconquistadorredloslagos.cl\/test\/blog\/author\/ccardenas\/"},"rttpg_comment":0,"rttpg_category":"<a href=\"https:\/\/elconquistadorredloslagos.cl\/test\/blog\/category\/actual\/acontecer\/\" rel=\"category tag\">Acontecer<\/a> <a href=\"https:\/\/elconquistadorredloslagos.cl\/test\/blog\/category\/actual\/\" rel=\"category tag\">Actualidad<\/a> <a href=\"https:\/\/elconquistadorredloslagos.cl\/test\/blog\/category\/chile\/puerto-montt\/\" rel=\"category tag\">Puerto Montt<\/a>","rttpg_excerpt":"Con un acto simb\u00f3lico, autoridades regionales, vecinos y dirigentes sociales dieron inicio a las obras del Convenio Complementario N\u00b05 de la Concesi\u00f3n Ruta 5 Tramo Puerto Montt-Pargua. La ceremonia, representa..","_links":{"self":[{"href":"https:\/\/elconquistadorredloslagos.cl\/test\/wp-json\/wp\/v2\/posts\/10960","targetHints":{"allow":["GET"]}}],"collection":[{"href":"https:\/\/elconquistadorredloslagos.cl\/test\/wp-json\/wp\/v2\/posts"}],"about":[{"href":"https:\/\/elconquistadorredloslagos.cl\/test\/wp-json\/wp\/v2\/types\/post"}],"author":[{"embeddable":true,"href":"https:\/\/elconquistadorredloslagos.cl\/test\/wp-json\/wp\/v2\/users\/2"}],"replies":[{"embeddable":true,"href":"https:\/\/elconquistadorredloslagos.cl\/test\/wp-json\/wp\/v2\/comments?post=10960"}],"version-history":[{"count":1,"href":"https:\/\/elconquistadorredloslagos.cl\/test\/wp-json\/wp\/v2\/posts\/10960\/revisions"}],"predecessor-version":[{"id":10965,"href":"https:\/\/elconquistadorredloslagos.cl\/test\/wp-json\/wp\/v2\/posts\/10960\/revisions\/10965"}],"wp:featuredmedia":[{"embeddable":true,"href":"https:\/\/elconquistadorredloslagos.cl\/test\/wp-json\/wp\/v2\/media\/10964"}],"wp:attachment":[{"href":"https:\/\/elconquistadorredloslagos.cl\/test\/wp-json\/wp\/v2\/media?parent=10960"}],"wp:term":[{"taxonomy":"category","embeddable":true,"href":"https:\/\/elconquistadorredloslagos.cl\/test\/wp-json\/wp\/v2\/categories?post=10960"},{"taxonomy":"post_tag","embeddable":true,"href":"https:\/\/elconquistadorredloslagos.cl\/test\/wp-json\/wp\/v2\/tags?post=10960"}],"curies":[{"name":"wp","href":"https:\/\/api.w.org\/{rel}","templated":true}]}}