{"id":10951,"date":"2025-06-02T14:21:21","date_gmt":"2025-06-02T18:21:21","guid":{"rendered":"https:\/\/elconquistadorredloslagos.cl\/test\/?p=10951"},"modified":"2025-06-02T14:21:22","modified_gmt":"2025-06-02T18:21:22","slug":"agresor-de-carabinero-en-puerto-varas-queda-en-prision-preventiva","status":"publish","type":"post","link":"https:\/\/elconquistadorredloslagos.cl\/test\/blog\/2025\/06\/02\/agresor-de-carabinero-en-puerto-varas-queda-en-prision-preventiva\/","title":{"rendered":"Agresor de Carabinero en Puerto Varas queda en prisi\u00f3n preventiva"},"content":{"rendered":"\n<p>Un hombre qued\u00f3 en prisi\u00f3n preventiva tras atacar con un hacha a un carabinero en Puerto Varas, regi\u00f3n de Los Lagos, durante un procedimiento por violencia intrafamiliar. El hecho ocurri\u00f3 cuando personal policial acudi\u00f3 a un domicilio tras un conflicto entre hermanos.<\/p>\n\n\n\n<p>En el lugar, el sujeto embisti\u00f3 en contra de los funcionarios con el arma contundente, provocando una fractura en el brazo del suboficial Amador Arriagada, quien logr\u00f3 protegerse al cubrir su cabeza con el brazo. El efectivo que se desempe\u00f1a como motorista de la unidad local, permanece hospitalizado en un centro asistencial en Puerto Montt acompa\u00f1ado de su familia y a la espera de una segunda intervenci\u00f3n quir\u00fargica.<\/p>\n\n\n\n<p>El agresor fue formalizado por amenazas en contexto de violencia intrafamiliar, lesiones y agresi\u00f3n a personal policial. La Fiscal\u00eda confirm\u00f3 que el hacha utilizada en el ataque fue incautada como evidencia.<\/p>\n\n\n\n<p>Carabineros present\u00f3 una querella contra el imputado, seg\u00fan inform\u00f3 el prefecto de servicio de la provincia de Llanquihue, teniente coronel H\u00e9ctor Torres, quien valor\u00f3 la r\u00e1pida reacci\u00f3n del equipo y manifest\u00f3 su apoyo al funcionario lesionado.<\/p>\n\n\n\n<p>\ud83d\udcf7 <a href=\"https:\/\/www.facebook.com\/redpuertomontt?__cft__[0]=AZUP4RfD02M_bgASmiBcESovtUFfwLZabKFF1cYkJ9cQLRZKEn4d2OicGFTMcPha85_ErH_kK0KSDZXGhJN-UYu0UxkAitj0ilGcd9EXu8ozR368K1xazKHSLGsyMYuykoPDOXn8mnJr818Bh1Td0ex_1IgxMR8LbbRoixC0nUDZCOTd7Mbzg0GV6SuGG3-tyg5G0c1NwmcImBp2frgD39SW&amp;__tn__=-UC*F\">Red Puerto Montt<\/a> &#8211; Facebook<\/p>\n","protected":false},"excerpt":{"rendered":"<p>Un hombre qued\u00f3 en prisi\u00f3n preventiva tras atacar con un hacha a un carabinero en Puerto Varas, regi\u00f3n de Los Lagos, durante un procedimiento por violencia intrafamiliar. El hecho ocurri\u00f3..<\/p>\n","protected":false},"author":2,"featured_media":10952,"comment_status":"closed","ping_status":"open","sticky":false,"template":"","format":"standard","meta":{"footnotes":""},"categories":[1,28,54,56],"tags":[],"class_list":["post-10951","post","type-post","status-publish","format-standard","has-post-thumbnail","hentry","category-acontecer","category-actual","category-lago-llanquihue","category-puerto-montt"],"rttpg_featured_image_url":{"full":["https:\/\/elconquistadorredloslagos.cl\/test\/wp-content\/uploads\/2025\/06\/img-4.jpg",1920,1080,false],"landscape":["https:\/\/elconquistadorredloslagos.cl\/test\/wp-content\/uploads\/2025\/06\/img-4.jpg",1920,1080,false],"portraits":["https:\/\/elconquistadorredloslagos.cl\/test\/wp-content\/uploads\/2025\/06\/img-4.jpg",1920,1080,false],"thumbnail":["https:\/\/elconquistadorredloslagos.cl\/test\/wp-content\/uploads\/2025\/06\/img-4-150x150.jpg",150,150,true],"medium":["https:\/\/elconquistadorredloslagos.cl\/test\/wp-content\/uploads\/2025\/06\/img-4-300x169.jpg",300,169,true],"large":["https:\/\/elconquistadorredloslagos.cl\/test\/wp-content\/uploads\/2025\/06\/img-4-1024x576.jpg",1024,576,true],"1536x1536":["https:\/\/elconquistadorredloslagos.cl\/test\/wp-content\/uploads\/2025\/06\/img-4-1536x864.jpg",1536,864,true],"2048x2048":["https:\/\/elconquistadorredloslagos.cl\/test\/wp-content\/uploads\/2025\/06\/img-4.jpg",1920,1080,false]},"rttpg_author":{"display_name":"ccardenas","author_link":"https:\/\/elconquistadorredloslagos.cl\/test\/blog\/author\/ccardenas\/"},"rttpg_comment":0,"rttpg_category":"<a href=\"https:\/\/elconquistadorredloslagos.cl\/test\/blog\/category\/actual\/acontecer\/\" rel=\"category tag\">Acontecer<\/a> <a href=\"https:\/\/elconquistadorredloslagos.cl\/test\/blog\/category\/actual\/\" rel=\"category tag\">Actualidad<\/a> <a href=\"https:\/\/elconquistadorredloslagos.cl\/test\/blog\/category\/chile\/lago-llanquihue\/\" rel=\"category tag\">Lago LLanquihue<\/a> <a href=\"https:\/\/elconquistadorredloslagos.cl\/test\/blog\/category\/chile\/puerto-montt\/\" rel=\"category tag\">Puerto Montt<\/a>","rttpg_excerpt":"Un hombre qued\u00f3 en prisi\u00f3n preventiva tras atacar con un hacha a un carabinero en Puerto Varas, regi\u00f3n de Los Lagos, durante un procedimiento por violencia intrafamiliar. El hecho ocurri\u00f3..","_links":{"self":[{"href":"https:\/\/elconquistadorredloslagos.cl\/test\/wp-json\/wp\/v2\/posts\/10951","targetHints":{"allow":["GET"]}}],"collection":[{"href":"https:\/\/elconquistadorredloslagos.cl\/test\/wp-json\/wp\/v2\/posts"}],"about":[{"href":"https:\/\/elconquistadorredloslagos.cl\/test\/wp-json\/wp\/v2\/types\/post"}],"author":[{"embeddable":true,"href":"https:\/\/elconquistadorredloslagos.cl\/test\/wp-json\/wp\/v2\/users\/2"}],"replies":[{"embeddable":true,"href":"https:\/\/elconquistadorredloslagos.cl\/test\/wp-json\/wp\/v2\/comments?post=10951"}],"version-history":[{"count":1,"href":"https:\/\/elconquistadorredloslagos.cl\/test\/wp-json\/wp\/v2\/posts\/10951\/revisions"}],"predecessor-version":[{"id":10953,"href":"https:\/\/elconquistadorredloslagos.cl\/test\/wp-json\/wp\/v2\/posts\/10951\/revisions\/10953"}],"wp:featuredmedia":[{"embeddable":true,"href":"https:\/\/elconquistadorredloslagos.cl\/test\/wp-json\/wp\/v2\/media\/10952"}],"wp:attachment":[{"href":"https:\/\/elconquistadorredloslagos.cl\/test\/wp-json\/wp\/v2\/media?parent=10951"}],"wp:term":[{"taxonomy":"category","embeddable":true,"href":"https:\/\/elconquistadorredloslagos.cl\/test\/wp-json\/wp\/v2\/categories?post=10951"},{"taxonomy":"post_tag","embeddable":true,"href":"https:\/\/elconquistadorredloslagos.cl\/test\/wp-json\/wp\/v2\/tags?post=10951"}],"curies":[{"name":"wp","href":"https:\/\/api.w.org\/{rel}","templated":true}]}}