{"id":10944,"date":"2025-06-02T14:02:28","date_gmt":"2025-06-02T18:02:28","guid":{"rendered":"https:\/\/elconquistadorredloslagos.cl\/test\/?p=10944"},"modified":"2025-06-02T15:08:35","modified_gmt":"2025-06-02T19:08:35","slug":"se-inicia-pago-del-bono-de-recuperacion-para-afectados-por-tornado-en-puerto-varas","status":"publish","type":"post","link":"https:\/\/elconquistadorredloslagos.cl\/test\/blog\/2025\/06\/02\/se-inicia-pago-del-bono-de-recuperacion-para-afectados-por-tornado-en-puerto-varas\/","title":{"rendered":"Se inicia pago del Bono de Recuperaci\u00f3n para afectados por tornado en Puerto Varas"},"content":{"rendered":"\n<p>A menos de una semana del violento tornado que azot\u00f3 Puerto Varas, el Gobierno comenz\u00f3 este viernes 31 de mayo el pago del Bono de Recuperaci\u00f3n para los hogares damnificados. La ayuda econ\u00f3mica fue anunciada por el presidente Gabriel Boric durante su visita a la comuna lacustre el pasado lunes.<\/p>\n\n\n\n<p>El bono es un aporte \u00fanico, no reembolsable ni renovable, y su monto var\u00eda seg\u00fan el nivel de afectaci\u00f3n de cada vivienda: las cifras oscilan entre los $375.000 para da\u00f1os leves y hasta $1.500.000 para p\u00e9rdidas m\u00e1s severas.<\/p>\n\n\n\n<p>En esta primera etapa, 293 familias identificadas a trav\u00e9s de la Ficha B\u00e1sica de Emergencia (FIBE),&nbsp; comenzaron a recibir el beneficio. La informaci\u00f3n fue recabada por equipos del Ministerio de Desarrollo Social junto a funcionarios municipales de Puerto Varas, Puerto Montt y Frutillar.<\/p>\n\n\n\n<p>En este sentido, el acalde puertovarino Tom\u00e1s G\u00e1rate, destac\u00f3 la rapidez de la respuesta:<\/p>\n\n\n\n<figure class=\"wp-block-audio\"><audio controls src=\"https:\/\/elconquistadorredloslagos.cl\/test\/wp-content\/uploads\/2025\/06\/CUNA-ALCALDE-GARATE.mp3\"><\/audio><\/figure>\n\n\n\n<p>El pago se realiza v\u00eda dep\u00f3sito en la Cuenta RUT del BancoEstado o en sucursales, presentando la c\u00e9dula de identidad. Este bono es compatible con otras ayudas estatales.<\/p>\n\n\n\n<p>\ud83d\udcf7 Redes sociales<\/p>\n","protected":false},"excerpt":{"rendered":"<p>A menos de una semana del violento tornado que azot\u00f3 Puerto Varas, el Gobierno comenz\u00f3 este viernes 31 de mayo el pago del Bono de Recuperaci\u00f3n para los hogares damnificados&#8230;<\/p>\n","protected":false},"author":2,"featured_media":10946,"comment_status":"closed","ping_status":"open","sticky":false,"template":"","format":"standard","meta":{"footnotes":""},"categories":[1,28,54],"tags":[],"class_list":["post-10944","post","type-post","status-publish","format-standard","has-post-thumbnail","hentry","category-acontecer","category-actual","category-lago-llanquihue"],"rttpg_featured_image_url":{"full":["https:\/\/elconquistadorredloslagos.cl\/test\/wp-content\/uploads\/2025\/06\/img-2.jpg",1920,1080,false],"landscape":["https:\/\/elconquistadorredloslagos.cl\/test\/wp-content\/uploads\/2025\/06\/img-2.jpg",1920,1080,false],"portraits":["https:\/\/elconquistadorredloslagos.cl\/test\/wp-content\/uploads\/2025\/06\/img-2.jpg",1920,1080,false],"thumbnail":["https:\/\/elconquistadorredloslagos.cl\/test\/wp-content\/uploads\/2025\/06\/img-2-150x150.jpg",150,150,true],"medium":["https:\/\/elconquistadorredloslagos.cl\/test\/wp-content\/uploads\/2025\/06\/img-2-300x169.jpg",300,169,true],"large":["https:\/\/elconquistadorredloslagos.cl\/test\/wp-content\/uploads\/2025\/06\/img-2-1024x576.jpg",1024,576,true],"1536x1536":["https:\/\/elconquistadorredloslagos.cl\/test\/wp-content\/uploads\/2025\/06\/img-2-1536x864.jpg",1536,864,true],"2048x2048":["https:\/\/elconquistadorredloslagos.cl\/test\/wp-content\/uploads\/2025\/06\/img-2.jpg",1920,1080,false]},"rttpg_author":{"display_name":"ccardenas","author_link":"https:\/\/elconquistadorredloslagos.cl\/test\/blog\/author\/ccardenas\/"},"rttpg_comment":0,"rttpg_category":"<a href=\"https:\/\/elconquistadorredloslagos.cl\/test\/blog\/category\/actual\/acontecer\/\" rel=\"category tag\">Acontecer<\/a> <a href=\"https:\/\/elconquistadorredloslagos.cl\/test\/blog\/category\/actual\/\" rel=\"category tag\">Actualidad<\/a> <a href=\"https:\/\/elconquistadorredloslagos.cl\/test\/blog\/category\/chile\/lago-llanquihue\/\" rel=\"category tag\">Lago LLanquihue<\/a>","rttpg_excerpt":"A menos de una semana del violento tornado que azot\u00f3 Puerto Varas, el Gobierno comenz\u00f3 este viernes 31 de mayo el pago del Bono de Recuperaci\u00f3n para los hogares damnificados...","_links":{"self":[{"href":"https:\/\/elconquistadorredloslagos.cl\/test\/wp-json\/wp\/v2\/posts\/10944","targetHints":{"allow":["GET"]}}],"collection":[{"href":"https:\/\/elconquistadorredloslagos.cl\/test\/wp-json\/wp\/v2\/posts"}],"about":[{"href":"https:\/\/elconquistadorredloslagos.cl\/test\/wp-json\/wp\/v2\/types\/post"}],"author":[{"embeddable":true,"href":"https:\/\/elconquistadorredloslagos.cl\/test\/wp-json\/wp\/v2\/users\/2"}],"replies":[{"embeddable":true,"href":"https:\/\/elconquistadorredloslagos.cl\/test\/wp-json\/wp\/v2\/comments?post=10944"}],"version-history":[{"count":2,"href":"https:\/\/elconquistadorredloslagos.cl\/test\/wp-json\/wp\/v2\/posts\/10944\/revisions"}],"predecessor-version":[{"id":10959,"href":"https:\/\/elconquistadorredloslagos.cl\/test\/wp-json\/wp\/v2\/posts\/10944\/revisions\/10959"}],"wp:featuredmedia":[{"embeddable":true,"href":"https:\/\/elconquistadorredloslagos.cl\/test\/wp-json\/wp\/v2\/media\/10946"}],"wp:attachment":[{"href":"https:\/\/elconquistadorredloslagos.cl\/test\/wp-json\/wp\/v2\/media?parent=10944"}],"wp:term":[{"taxonomy":"category","embeddable":true,"href":"https:\/\/elconquistadorredloslagos.cl\/test\/wp-json\/wp\/v2\/categories?post=10944"},{"taxonomy":"post_tag","embeddable":true,"href":"https:\/\/elconquistadorredloslagos.cl\/test\/wp-json\/wp\/v2\/tags?post=10944"}],"curies":[{"name":"wp","href":"https:\/\/api.w.org\/{rel}","templated":true}]}}