{"id":10938,"date":"2025-06-02T13:18:26","date_gmt":"2025-06-02T17:18:26","guid":{"rendered":"https:\/\/elconquistadorredloslagos.cl\/test\/?p=10938"},"modified":"2025-06-02T13:18:27","modified_gmt":"2025-06-02T17:18:27","slug":"alcalde-de-queilen-consigue-compromiso-para-la-primera-reunion-del-plan-bicentenario-en-agricultura","status":"publish","type":"post","link":"https:\/\/elconquistadorredloslagos.cl\/test\/blog\/2025\/06\/02\/alcalde-de-queilen-consigue-compromiso-para-la-primera-reunion-del-plan-bicentenario-en-agricultura\/","title":{"rendered":"Alcalde de Queilen consigue compromiso para la primera reuni\u00f3n del Plan Bicentenario en Agricultura"},"content":{"rendered":"\n<p>En una gesti\u00f3n clave para el desarrollo agr\u00edcola del Archipi\u00e9lago, el alcalde de Queilen y presidente saliente de la Asociaci\u00f3n de Municipalidades de Chilo\u00e9, Marcos Vargas Oyarz\u00fan, logr\u00f3 concretar el compromiso del Ministerio de Agricultura para realizar la primera reuni\u00f3n de trabajo en el marco del Plan Bicentenario de Agricultura para Chilo\u00e9.<\/p>\n\n\n\n<p>La cita, programada preliminarmente para este mes en la comuna de Queilen, marcar\u00e1 el inicio de la coordinaci\u00f3n entre el Ministerio de Agricultura y los equipos t\u00e9cnicos de los municipios chilotes, con miras a la conmemoraci\u00f3n de los 200 a\u00f1os de la Anexi\u00f3n de Chilo\u00e9 al territorio nacional, el pr\u00f3ximo 19 de enero de 2026.<\/p>\n\n\n\n<p>El compromiso fue ratificado la semana pasada en Santiago, durante una reuni\u00f3n entre el alcalde Vargas y el subsecretario de Agricultura, Alex Espinoza Ortiz, junto a su equipo t\u00e9cnico. \u201cEn enero de este a\u00f1o recibimos el compromiso p\u00fablico del Ministro Esteban Valenzuela, y hoy celebramos que este compromiso se reafirma con la planificaci\u00f3n de esta primera reuni\u00f3n en Queilen, que busca sentar las bases de un Plan Maestro en el \u00e1rea agr\u00edcola\u201d, afirm\u00f3 Vargas.<\/p>\n\n\n\n<p>El edil expres\u00f3 su optimismo respecto a los avances que podr\u00edan surgir de esta instancia. \u201cTengo esperanza en que este trabajo conjunto va a resultar bien y permitir\u00e1 que el Ministerio de Agricultura se sume activamente al compromiso que ya han asumido otras carteras respecto a este hito hist\u00f3rico para la provincia\u201d.<\/p>\n\n\n\n<p>Por su parte, el subsecretario Espinoza destac\u00f3 la voluntad del gobierno de responder a las necesidades planteadas por el edil chilote. \u201cQueremos ver c\u00f3mo, junto a servicios como INDAP, INIA, SAG, y CONAF, podemos construir mecanismos de apoyo concretos para este plan. Como Ministerio, tenemos mucho que aportar a este proceso\u201d, se\u00f1al\u00f3.<\/p>\n\n\n\n<p>Aunque la fecha definitiva de la reuni\u00f3n a\u00fan no ha sido confirmada, desde los distintos municipios y organizaciones agr\u00edcolas de Chilo\u00e9 crece la expectaci\u00f3n por los anuncios que podr\u00edan surgir y que permitir\u00edan robustecer el desarrollo agr\u00edcola en la Isla Grande, en el marco de una celebraci\u00f3n que busca proyectar a Chilo\u00e9 hacia el futuro con memoria y dignidad territorial.<\/p>\n\n\n\n<p>M\u00e1s detalles sobre esta informaci\u00f3n en el siguiente video: <\/p>\n\n\n\n<figure class=\"wp-block-embed is-type-rich is-provider-gestor-del-servicio wp-block-embed-gestor-del-servicio\"><div class=\"wp-block-embed__wrapper\">\n<div style=\"width: 640px;\" class=\"wp-video\"><video class=\"wp-video-shortcode\" id=\"video-10938-1\" width=\"640\" height=\"360\" preload=\"metadata\" controls=\"controls\"><source type=\"video\/mp4\" src=\"https:\/\/elconquistadorredloslagos.cl\/test\/md\/videomarcosvargas.mp4?_=1\" \/><a href=\"https:\/\/elconquistadorredloslagos.cl\/test\/md\/videomarcosvargas.mp4\">https:\/\/elconquistadorredloslagos.cl\/test\/md\/videomarcosvargas.mp4<\/a><\/video><\/div>\n<\/div><\/figure>\n\n\n\n<p>\ud83d\udcf7 \ud83c\udfa5 Redes sociales<\/p>\n","protected":false},"excerpt":{"rendered":"<p>En una gesti\u00f3n clave para el desarrollo agr\u00edcola del Archipi\u00e9lago, el alcalde de Queilen y presidente saliente de la Asociaci\u00f3n de Municipalidades de Chilo\u00e9, Marcos Vargas Oyarz\u00fan, logr\u00f3 concretar el..<\/p>\n","protected":false},"author":2,"featured_media":10939,"comment_status":"closed","ping_status":"open","sticky":false,"template":"","format":"standard","meta":{"footnotes":""},"categories":[1,28,51],"tags":[],"class_list":["post-10938","post","type-post","status-publish","format-standard","has-post-thumbnail","hentry","category-acontecer","category-actual","category-chiloe"],"rttpg_featured_image_url":{"full":["https:\/\/elconquistadorredloslagos.cl\/test\/wp-content\/uploads\/2025\/06\/img.jpg",1920,1080,false],"landscape":["https:\/\/elconquistadorredloslagos.cl\/test\/wp-content\/uploads\/2025\/06\/img.jpg",1920,1080,false],"portraits":["https:\/\/elconquistadorredloslagos.cl\/test\/wp-content\/uploads\/2025\/06\/img.jpg",1920,1080,false],"thumbnail":["https:\/\/elconquistadorredloslagos.cl\/test\/wp-content\/uploads\/2025\/06\/img-150x150.jpg",150,150,true],"medium":["https:\/\/elconquistadorredloslagos.cl\/test\/wp-content\/uploads\/2025\/06\/img-300x169.jpg",300,169,true],"large":["https:\/\/elconquistadorredloslagos.cl\/test\/wp-content\/uploads\/2025\/06\/img-1024x576.jpg",1024,576,true],"1536x1536":["https:\/\/elconquistadorredloslagos.cl\/test\/wp-content\/uploads\/2025\/06\/img-1536x864.jpg",1536,864,true],"2048x2048":["https:\/\/elconquistadorredloslagos.cl\/test\/wp-content\/uploads\/2025\/06\/img.jpg",1920,1080,false]},"rttpg_author":{"display_name":"ccardenas","author_link":"https:\/\/elconquistadorredloslagos.cl\/test\/blog\/author\/ccardenas\/"},"rttpg_comment":0,"rttpg_category":"<a href=\"https:\/\/elconquistadorredloslagos.cl\/test\/blog\/category\/actual\/acontecer\/\" rel=\"category tag\">Acontecer<\/a> <a href=\"https:\/\/elconquistadorredloslagos.cl\/test\/blog\/category\/actual\/\" rel=\"category tag\">Actualidad<\/a> <a href=\"https:\/\/elconquistadorredloslagos.cl\/test\/blog\/category\/chile\/chiloe\/\" rel=\"category tag\">Chilo\u00e9<\/a>","rttpg_excerpt":"En una gesti\u00f3n clave para el desarrollo agr\u00edcola del Archipi\u00e9lago, el alcalde de Queilen y presidente saliente de la Asociaci\u00f3n de Municipalidades de Chilo\u00e9, Marcos Vargas Oyarz\u00fan, logr\u00f3 concretar el..","_links":{"self":[{"href":"https:\/\/elconquistadorredloslagos.cl\/test\/wp-json\/wp\/v2\/posts\/10938","targetHints":{"allow":["GET"]}}],"collection":[{"href":"https:\/\/elconquistadorredloslagos.cl\/test\/wp-json\/wp\/v2\/posts"}],"about":[{"href":"https:\/\/elconquistadorredloslagos.cl\/test\/wp-json\/wp\/v2\/types\/post"}],"author":[{"embeddable":true,"href":"https:\/\/elconquistadorredloslagos.cl\/test\/wp-json\/wp\/v2\/users\/2"}],"replies":[{"embeddable":true,"href":"https:\/\/elconquistadorredloslagos.cl\/test\/wp-json\/wp\/v2\/comments?post=10938"}],"version-history":[{"count":1,"href":"https:\/\/elconquistadorredloslagos.cl\/test\/wp-json\/wp\/v2\/posts\/10938\/revisions"}],"predecessor-version":[{"id":10940,"href":"https:\/\/elconquistadorredloslagos.cl\/test\/wp-json\/wp\/v2\/posts\/10938\/revisions\/10940"}],"wp:featuredmedia":[{"embeddable":true,"href":"https:\/\/elconquistadorredloslagos.cl\/test\/wp-json\/wp\/v2\/media\/10939"}],"wp:attachment":[{"href":"https:\/\/elconquistadorredloslagos.cl\/test\/wp-json\/wp\/v2\/media?parent=10938"}],"wp:term":[{"taxonomy":"category","embeddable":true,"href":"https:\/\/elconquistadorredloslagos.cl\/test\/wp-json\/wp\/v2\/categories?post=10938"},{"taxonomy":"post_tag","embeddable":true,"href":"https:\/\/elconquistadorredloslagos.cl\/test\/wp-json\/wp\/v2\/tags?post=10938"}],"curies":[{"name":"wp","href":"https:\/\/api.w.org\/{rel}","templated":true}]}}