{"id":10934,"date":"2025-06-02T11:26:00","date_gmt":"2025-06-02T15:26:00","guid":{"rendered":"https:\/\/elconquistadorredloslagos.cl\/test\/?p=10934"},"modified":"2025-06-02T11:28:35","modified_gmt":"2025-06-02T15:28:35","slug":"programa-impulsa-los-lagos-formara-lideres-para-el-desarrollo-sostenible-de-la-cuenca-del-lago-llanquihue-y-cochamo","status":"publish","type":"post","link":"https:\/\/elconquistadorredloslagos.cl\/test\/blog\/2025\/06\/02\/programa-impulsa-los-lagos-formara-lideres-para-el-desarrollo-sostenible-de-la-cuenca-del-lago-llanquihue-y-cochamo\/","title":{"rendered":"Programa \u201cImpulsa Los Lagos\u201d formar\u00e1 l\u00edderes para el desarrollo sostenible de la Cuenca del Lago Llanquihue y Cocham\u00f3"},"content":{"rendered":"\n<p><em><strong>Liderado por AIEP y apoyado por Corfo Los Lagos la instancia busca fortalecer el ecosistema de emprendimiento, innovaci\u00f3n y colaboraci\u00f3n territorial, reuniendo a l\u00edderes y futuras lideresas del \u00e1mbito p\u00fablico, privado, acad\u00e9mico y de la sociedad civil.<\/strong><\/em><\/p>\n\n\n\n<p>En dependencias de la Ilustre Municipalidad de Llanquihue, se dio inicio oficial al programa \u201cImpulsa Los Lagos\u201d, el cual es financiado a trav\u00e9s del instrumento Viraliza Formaci\u00f3n de Corfo, y ejecutado por AIEP Puerto Montt y coejecutado por la organizaci\u00f3n internacional 2811.<\/p>\n\n\n\n<p>La ceremonia de lanzamiento cont\u00f3 con la presencia de los 44 beneficiarios y beneficiarias seleccionados, adem\u00e1s de la presencia de David Espinoza, subdirector regional de Corfo Los Lagos; Felipe Chaparro, director nacional de Innovaci\u00f3n AIEP; Karin Quiroga, directora nacional de Escuelas AIEP; Roberto Urtubia, director AIEP Puerto Montt; y Pamela Prado, subdirectora acad\u00e9mica AIEP Puerto Montt y jefa del proyecto.<\/p>\n\n\n\n<p>El programa contempla una metodolog\u00eda innovadora que incluye nueve m\u00f3dulos formativos con un enfoque 100% presencial, talleres pr\u00e1cticos, mentor\u00edas, mesas de articulaci\u00f3n y el desarrollo de una hoja de ruta estrat\u00e9gica para el fortalecimiento del ecosistema emprendedor. Las tem\u00e1ticas incluyen econom\u00eda sostenible, innovaci\u00f3n social, equidad de g\u00e9nero, escalabilidad de proyectos, y estrategias de impacto comunitario. Adem\u00e1s, la ejecuci\u00f3n incluye la formaci\u00f3n de facilitadores en Cocham\u00f3, comuna clave del territorio y considerada zona extrema, permitiendo un alcance real y equitativo en la cobertura del programa.<\/p>\n\n\n\n<p class=\"has-text-align-center\"><strong>VOCES DESDE EL ECOSISTEMA<\/strong><\/p>\n\n\n\n<p>Sobre la iniciativa David Espinoza, subdirector regional de Corfo Los Lagos, se\u00f1al\u00f3 que \u201ceste programa busca movilizar el talento local para generar soluciones desde y para el territorio. Esperamos que estos nuevos l\u00edderes articulen redes que perduren en el tiempo y contribuyan a diversificar el ecosistema emprendedor. Impulsa Los Lagos es una apuesta concreta por descentralizar la innovaci\u00f3n y ponerla al servicio de las comunidades\u201d.<\/p>\n\n\n\n<p>Agreg\u00f3 que \u201cesta ejecuci\u00f3n del programa Viraliza complementa otras l\u00edneas estrat\u00e9gicas impulsadas desde Corfo, como el fomento del cooperativismo, el turismo sostenible y la econom\u00eda circular. Hoy estamos invirtiendo en las personas, en l\u00edderes y lideresas que ser\u00e1n agentes de cambio para el desarrollo sostenible en la regi\u00f3n\u201d.<\/p>\n\n\n\n<p>&nbsp;Una mirada similar expres\u00f3 Roberto Urtubia, director de AIEP Puerto Montt. \u201cEs un hito muy importante para nosotros continuar con nuestro compromiso por el desarrollo sostenible. Este programa re\u00fane actores diversos y propone una ruta concreta de formaci\u00f3n e innovaci\u00f3n. Queremos que los conocimientos adquiridos aqu\u00ed perduren en el tiempo y se traduzcan en proyectos reales que fortalezcan la cuenca\u201d, puntualiz\u00f3.<\/p>\n\n\n\n<p>Por su parte, Felipe Chaparro, director nacional de Innovaci\u00f3n y Emprendimiento de AIEP, destac\u00f3 que \u201cla academia tiene un rol clave en la articulaci\u00f3n del ecosistema. Este proyecto conecta, articula y permite que los nuevos l\u00edderes estimulen redes, inspiren a otros emprendedores y colaboren en la generaci\u00f3n de soluciones de impacto social, ambiental y econ\u00f3mico\u201d.<\/p>\n\n\n\n<p>Finalmente, Juan Pablo Carrasco, acad\u00e9mico de Vinculaci\u00f3n con el Medio de la Universidad San Sebasti\u00e1n, valor\u00f3 la iniciativa como una oportunidad de conexi\u00f3n entre la academia y el territorio. \u201cEste tipo de espacios son fundamentales para que desde la universidad podamos contribuir a resolver problem\u00e1ticas reales con herramientas de innovaci\u00f3n y sostenibilidad. Nuestros estudiantes son futuros agentes de cambio, y este programa les abre un camino directo para impactar en sus comunidades\u201d, manifest\u00f3.<\/p>\n\n\n\n<p class=\"has-text-align-center\"><strong>PROYECCI\u00d3N DEL PROGRAMA<\/strong><\/p>\n\n\n\n<p>\u201cImpulsa Los Lagos\u201d busca posicionarse como un modelo replicable para otras cuencas y territorios rurales de la regi\u00f3n. Con una duraci\u00f3n de 12 meses, se espera que m\u00e1s de 30 l\u00edderes egresen del proceso con competencias avanzadas y redes de colaboraci\u00f3n activadas.<\/p>\n\n\n\n<p>El programa no solo busca la formaci\u00f3n individual, sino la consolidaci\u00f3n de una Red de Liderazgo Territorial Sostenible, que permita escalar iniciativas de impacto y dise\u00f1ar pol\u00edticas locales con enfoque comunitario y sostenible.<\/p>\n\n\n\n<p>Adem\u00e1s, la ejecuci\u00f3n en Cocham\u00f3 representa un hito in\u00e9dito para la comuna, integr\u00e1ndola al ecosistema regional y permitiendo que sus actores locales participen directamente en el dise\u00f1o de soluciones adaptadas a su realidad, con pertinencia territorial.<\/p>\n","protected":false},"excerpt":{"rendered":"<p>Liderado por AIEP y apoyado por Corfo Los Lagos la instancia busca fortalecer el ecosistema de emprendimiento, innovaci\u00f3n y colaboraci\u00f3n territorial, reuniendo a l\u00edderes y futuras lideresas del \u00e1mbito p\u00fablico,..<\/p>\n","protected":false},"author":7,"featured_media":10937,"comment_status":"closed","ping_status":"open","sticky":false,"template":"","format":"standard","meta":{"footnotes":""},"categories":[28,26,54],"tags":[],"class_list":["post-10934","post","type-post","status-publish","format-standard","has-post-thumbnail","hentry","category-actual","category-comunidad","category-lago-llanquihue"],"rttpg_featured_image_url":{"full":["https:\/\/elconquistadorredloslagos.cl\/test\/wp-content\/uploads\/2025\/06\/impulsa-los-lagos-lago-llanquihue.png",1920,1080,false],"landscape":["https:\/\/elconquistadorredloslagos.cl\/test\/wp-content\/uploads\/2025\/06\/impulsa-los-lagos-lago-llanquihue.png",1920,1080,false],"portraits":["https:\/\/elconquistadorredloslagos.cl\/test\/wp-content\/uploads\/2025\/06\/impulsa-los-lagos-lago-llanquihue.png",1920,1080,false],"thumbnail":["https:\/\/elconquistadorredloslagos.cl\/test\/wp-content\/uploads\/2025\/06\/impulsa-los-lagos-lago-llanquihue-150x150.png",150,150,true],"medium":["https:\/\/elconquistadorredloslagos.cl\/test\/wp-content\/uploads\/2025\/06\/impulsa-los-lagos-lago-llanquihue-300x169.png",300,169,true],"large":["https:\/\/elconquistadorredloslagos.cl\/test\/wp-content\/uploads\/2025\/06\/impulsa-los-lagos-lago-llanquihue-1024x576.png",1024,576,true],"1536x1536":["https:\/\/elconquistadorredloslagos.cl\/test\/wp-content\/uploads\/2025\/06\/impulsa-los-lagos-lago-llanquihue-1536x864.png",1536,864,true],"2048x2048":["https:\/\/elconquistadorredloslagos.cl\/test\/wp-content\/uploads\/2025\/06\/impulsa-los-lagos-lago-llanquihue.png",1920,1080,false]},"rttpg_author":{"display_name":"enzodelahoz1988","author_link":"https:\/\/elconquistadorredloslagos.cl\/test\/blog\/author\/enzodelahoz1988\/"},"rttpg_comment":0,"rttpg_category":"<a href=\"https:\/\/elconquistadorredloslagos.cl\/test\/blog\/category\/actual\/\" rel=\"category tag\">Actualidad<\/a> <a href=\"https:\/\/elconquistadorredloslagos.cl\/test\/blog\/category\/comunidad\/\" rel=\"category tag\">Comunidad<\/a> <a href=\"https:\/\/elconquistadorredloslagos.cl\/test\/blog\/category\/chile\/lago-llanquihue\/\" rel=\"category tag\">Lago LLanquihue<\/a>","rttpg_excerpt":"Liderado por AIEP y apoyado por Corfo Los Lagos la instancia busca fortalecer el ecosistema de emprendimiento, innovaci\u00f3n y colaboraci\u00f3n territorial, reuniendo a l\u00edderes y futuras lideresas del \u00e1mbito p\u00fablico,..","_links":{"self":[{"href":"https:\/\/elconquistadorredloslagos.cl\/test\/wp-json\/wp\/v2\/posts\/10934","targetHints":{"allow":["GET"]}}],"collection":[{"href":"https:\/\/elconquistadorredloslagos.cl\/test\/wp-json\/wp\/v2\/posts"}],"about":[{"href":"https:\/\/elconquistadorredloslagos.cl\/test\/wp-json\/wp\/v2\/types\/post"}],"author":[{"embeddable":true,"href":"https:\/\/elconquistadorredloslagos.cl\/test\/wp-json\/wp\/v2\/users\/7"}],"replies":[{"embeddable":true,"href":"https:\/\/elconquistadorredloslagos.cl\/test\/wp-json\/wp\/v2\/comments?post=10934"}],"version-history":[{"count":1,"href":"https:\/\/elconquistadorredloslagos.cl\/test\/wp-json\/wp\/v2\/posts\/10934\/revisions"}],"predecessor-version":[{"id":10936,"href":"https:\/\/elconquistadorredloslagos.cl\/test\/wp-json\/wp\/v2\/posts\/10934\/revisions\/10936"}],"wp:featuredmedia":[{"embeddable":true,"href":"https:\/\/elconquistadorredloslagos.cl\/test\/wp-json\/wp\/v2\/media\/10937"}],"wp:attachment":[{"href":"https:\/\/elconquistadorredloslagos.cl\/test\/wp-json\/wp\/v2\/media?parent=10934"}],"wp:term":[{"taxonomy":"category","embeddable":true,"href":"https:\/\/elconquistadorredloslagos.cl\/test\/wp-json\/wp\/v2\/categories?post=10934"},{"taxonomy":"post_tag","embeddable":true,"href":"https:\/\/elconquistadorredloslagos.cl\/test\/wp-json\/wp\/v2\/tags?post=10934"}],"curies":[{"name":"wp","href":"https:\/\/api.w.org\/{rel}","templated":true}]}}