{"id":10931,"date":"2025-06-01T14:11:52","date_gmt":"2025-06-01T18:11:52","guid":{"rendered":"https:\/\/elconquistadorredloslagos.cl\/test\/?p=10931"},"modified":"2025-06-01T14:11:53","modified_gmt":"2025-06-01T18:11:53","slug":"boric-defiende-su-legado-en-su-ultima-cuenta-publica-estoy-orgulloso-de-lo-que-hemos-hecho","status":"publish","type":"post","link":"https:\/\/elconquistadorredloslagos.cl\/test\/blog\/2025\/06\/01\/boric-defiende-su-legado-en-su-ultima-cuenta-publica-estoy-orgulloso-de-lo-que-hemos-hecho\/","title":{"rendered":"Boric defiende su legado en su \u00faltima Cuenta P\u00fablica: \u201cEstoy orgulloso de lo que hemos hecho\u201d"},"content":{"rendered":"\n<p>Con un discurso que arranc\u00f3 a eso de las 11.00 de la ma\u00f1ana y que se extendi\u00f3 por m\u00e1s de dos horas desde el Sal\u00f3n de Honor del Congreso Nacional en Valpara\u00edso, el Presidente Gabriel Boric rindi\u00f3 este domingo su cuarta y \u00faltima Cuenta P\u00fablica, destacando los avances de su administraci\u00f3n en materias claves como seguridad, econom\u00eda, derechos sociales y memoria.<\/p>\n\n\n\n<p>Desde su arribo en el tradicional Ford Galaxie, el Mandatario marc\u00f3 el tono inicial al reconocer las heridas del estallido social de 2019: \u201cFue expresi\u00f3n de un leg\u00edtimo malestar; con episodios de violencia inaceptables y graves violaciones a los derechos humanos por parte del Estado\u201d, afirm\u00f3.<\/p>\n\n\n\n<p>En seguridad, enfatiz\u00f3 que su gobierno \u201cha actuado en consecuencia\u201d frente a la delincuencia, destacando la aprobaci\u00f3n de m\u00e1s de 60 leyes, la reducci\u00f3n del 48% en la migraci\u00f3n irregular y la creaci\u00f3n del Ministerio de Seguridad P\u00fablica. \u201cNo permitiremos que la delincuencia se normalice\u201d, sentenci\u00f3, agregando que la persecuci\u00f3n penal se fortalecer\u00e1 con herramientas como el levantamiento del secreto bancario.<\/p>\n\n\n\n<p>En el plano econ\u00f3mico, sostuvo que \u201cChile debe crecer con justicia social\u201d, destacando que su gobierno fren\u00f3 el alza de la deuda p\u00fablica heredada. Adem\u00e1s, defendi\u00f3 la nueva Ley de Cumplimiento Tributario contra la evasi\u00f3n fiscal.<\/p>\n\n\n\n<p>Boric tambi\u00e9n abord\u00f3 el sistema de protecci\u00f3n social. Subray\u00f3 la hist\u00f3rica alza del salario m\u00ednimo, la reducci\u00f3n de la jornada laboral a 40 horas y la unificaci\u00f3n de subsidios para fomentar el empleo femenino y juvenil. <\/p>\n\n\n\n<p>En salud, relev\u00f3 los beneficios de la Ley de Copago Cero y el impulso al proyecto de Sala Cuna. Uno de los momentos m\u00e1s significativos fue el anuncio de un proyecto para legalizar el aborto en plazos. \u201cNo les nieguen a las mujeres el derecho a decidir. No les nieguen el debate democr\u00e1tico\u201d, pidi\u00f3 al Congreso.<\/p>\n\n\n\n<p>En Derechos Humanos, inform\u00f3 la transformaci\u00f3n del penal Punta Peuco en un recinto com\u00fan y denunci\u00f3 \u201cel genocidio contra el pueblo palestino\u201d, anunciando el patrocinio a un proyecto para prohibir importaciones desde territorios ocupados ilegalmente por Israel.<\/p>\n\n\n\n<p>Sobre la relaci\u00f3n con el pueblo mapuche, valor\u00f3 la Comisi\u00f3n Presidencial para la Paz, calific\u00e1ndola como un \u201ctestimonio de buena pol\u00edtica\u201d para resolver un conflicto hist\u00f3rico.<\/p>\n\n\n\n<p>Boric cerr\u00f3 la jornada afirmando: \u201cEstoy orgulloso de lo que hemos hecho como gobierno\u201d, en lo que fue su despedida simb\u00f3lica frente al pa\u00eds.<\/p>\n\n\n\n<p>\ud83d\udcf7 Redes sociales <\/p>\n\n\n\n<p><\/p>\n","protected":false},"excerpt":{"rendered":"<p>Con un discurso que arranc\u00f3 a eso de las 11.00 de la ma\u00f1ana y que se extendi\u00f3 por m\u00e1s de dos horas desde el Sal\u00f3n de Honor del Congreso Nacional..<\/p>\n","protected":false},"author":2,"featured_media":10932,"comment_status":"closed","ping_status":"open","sticky":false,"template":"","format":"standard","meta":{"footnotes":""},"categories":[1,28,52,38],"tags":[],"class_list":["post-10931","post","type-post","status-publish","format-standard","has-post-thumbnail","hentry","category-acontecer","category-actual","category-chile","category-politica"],"rttpg_featured_image_url":{"full":["https:\/\/elconquistadorredloslagos.cl\/test\/wp-content\/uploads\/2025\/06\/Diseno-sin-titulo_20250601_140846_0000.jpg",1920,1080,false],"landscape":["https:\/\/elconquistadorredloslagos.cl\/test\/wp-content\/uploads\/2025\/06\/Diseno-sin-titulo_20250601_140846_0000.jpg",1920,1080,false],"portraits":["https:\/\/elconquistadorredloslagos.cl\/test\/wp-content\/uploads\/2025\/06\/Diseno-sin-titulo_20250601_140846_0000.jpg",1920,1080,false],"thumbnail":["https:\/\/elconquistadorredloslagos.cl\/test\/wp-content\/uploads\/2025\/06\/Diseno-sin-titulo_20250601_140846_0000-150x150.jpg",150,150,true],"medium":["https:\/\/elconquistadorredloslagos.cl\/test\/wp-content\/uploads\/2025\/06\/Diseno-sin-titulo_20250601_140846_0000-300x169.jpg",300,169,true],"large":["https:\/\/elconquistadorredloslagos.cl\/test\/wp-content\/uploads\/2025\/06\/Diseno-sin-titulo_20250601_140846_0000-1024x576.jpg",1024,576,true],"1536x1536":["https:\/\/elconquistadorredloslagos.cl\/test\/wp-content\/uploads\/2025\/06\/Diseno-sin-titulo_20250601_140846_0000-1536x864.jpg",1536,864,true],"2048x2048":["https:\/\/elconquistadorredloslagos.cl\/test\/wp-content\/uploads\/2025\/06\/Diseno-sin-titulo_20250601_140846_0000.jpg",1920,1080,false]},"rttpg_author":{"display_name":"ccardenas","author_link":"https:\/\/elconquistadorredloslagos.cl\/test\/blog\/author\/ccardenas\/"},"rttpg_comment":0,"rttpg_category":"<a href=\"https:\/\/elconquistadorredloslagos.cl\/test\/blog\/category\/actual\/acontecer\/\" rel=\"category tag\">Acontecer<\/a> <a href=\"https:\/\/elconquistadorredloslagos.cl\/test\/blog\/category\/actual\/\" rel=\"category tag\">Actualidad<\/a> <a href=\"https:\/\/elconquistadorredloslagos.cl\/test\/blog\/category\/chile\/\" rel=\"category tag\">Nacional<\/a> <a href=\"https:\/\/elconquistadorredloslagos.cl\/test\/blog\/category\/actual\/politica\/\" rel=\"category tag\">Politica<\/a>","rttpg_excerpt":"Con un discurso que arranc\u00f3 a eso de las 11.00 de la ma\u00f1ana y que se extendi\u00f3 por m\u00e1s de dos horas desde el Sal\u00f3n de Honor del Congreso Nacional..","_links":{"self":[{"href":"https:\/\/elconquistadorredloslagos.cl\/test\/wp-json\/wp\/v2\/posts\/10931","targetHints":{"allow":["GET"]}}],"collection":[{"href":"https:\/\/elconquistadorredloslagos.cl\/test\/wp-json\/wp\/v2\/posts"}],"about":[{"href":"https:\/\/elconquistadorredloslagos.cl\/test\/wp-json\/wp\/v2\/types\/post"}],"author":[{"embeddable":true,"href":"https:\/\/elconquistadorredloslagos.cl\/test\/wp-json\/wp\/v2\/users\/2"}],"replies":[{"embeddable":true,"href":"https:\/\/elconquistadorredloslagos.cl\/test\/wp-json\/wp\/v2\/comments?post=10931"}],"version-history":[{"count":1,"href":"https:\/\/elconquistadorredloslagos.cl\/test\/wp-json\/wp\/v2\/posts\/10931\/revisions"}],"predecessor-version":[{"id":10933,"href":"https:\/\/elconquistadorredloslagos.cl\/test\/wp-json\/wp\/v2\/posts\/10931\/revisions\/10933"}],"wp:featuredmedia":[{"embeddable":true,"href":"https:\/\/elconquistadorredloslagos.cl\/test\/wp-json\/wp\/v2\/media\/10932"}],"wp:attachment":[{"href":"https:\/\/elconquistadorredloslagos.cl\/test\/wp-json\/wp\/v2\/media?parent=10931"}],"wp:term":[{"taxonomy":"category","embeddable":true,"href":"https:\/\/elconquistadorredloslagos.cl\/test\/wp-json\/wp\/v2\/categories?post=10931"},{"taxonomy":"post_tag","embeddable":true,"href":"https:\/\/elconquistadorredloslagos.cl\/test\/wp-json\/wp\/v2\/tags?post=10931"}],"curies":[{"name":"wp","href":"https:\/\/api.w.org\/{rel}","templated":true}]}}