{"id":10921,"date":"2025-05-30T16:21:35","date_gmt":"2025-05-30T20:21:35","guid":{"rendered":"https:\/\/elconquistadorredloslagos.cl\/test\/?p=10921"},"modified":"2025-05-30T16:21:36","modified_gmt":"2025-05-30T20:21:36","slug":"la-tasa-de-desocupacion-en-la-region-de-los-lagos-fue-55-en-el-trimestre-febrero-abril-de-2025","status":"publish","type":"post","link":"https:\/\/elconquistadorredloslagos.cl\/test\/blog\/2025\/05\/30\/la-tasa-de-desocupacion-en-la-region-de-los-lagos-fue-55-en-el-trimestre-febrero-abril-de-2025\/","title":{"rendered":"La tasa de desocupaci\u00f3n en la Regi\u00f3n de Los Lagos fue 5,5% en el trimestre Febrero \u2013\u00a0Abril\u00a0de 2025"},"content":{"rendered":"\n<h5 class=\"wp-block-heading\"><em>En doce meses se registr\u00f3 un aumento de 1,8 puntos porcentuales, explicado por el alza de la fuerza de trabajo (0,8%), en sentido contrario al decrecimiento de las personas ocupadas (1,1%).<\/em><\/h5>\n\n\n\n<p>En 5,5% se ubic\u00f3 la tasa de desocupaci\u00f3n en la Regi\u00f3n de Los Lagos durante el trimestre febrero-abril de 2025 (FMA 2025), de acuerdo con la informaci\u00f3n entregada por la Encuesta Nacional de Empleo (ENE), elaborada por el Instituto Nacional de Estad\u00edsticas de Chile (INE).<\/p>\n\n\n\n<p>La cifra signific\u00f3 un ascenso de 1,8 puntos porcentuales (pp.) en doce meses, debido al alza de la fuerza de trabajo (0,8%) en sentido contrario al decrecimiento de las personas ocupadas (1,1%). Por su parte, las personas desocupadas aumentaron 49,8%.<\/p>\n\n\n\n<p>Respecto al mismo periodo del a\u00f1o anterior, las tasas de participaci\u00f3n y de ocupaci\u00f3n se situaron en 57,0% y 53,8%, registrando variaciones de -0,1 y -1,2 pp., respectivamente. Por otra parte, la poblaci\u00f3n fuera de la fuerza de trabajo aument\u00f3 1,3%, incidida \u00fanicamente por inactivos habituales (6,8%).<\/p>\n\n\n\n<p>En las mujeres, la tasa de desocupaci\u00f3n se situ\u00f3 en 6,0%, con un aumento de 1,2 pp. en doce meses; mientras que&nbsp;en los hombres, la tasa de desocupaci\u00f3n fue 5,2%, con un aumento de 2,2 pp. en el mismo per\u00edodo.<\/p>\n\n\n\n<p><strong>Alza de personas ocupadas&nbsp; &nbsp; &nbsp;&nbsp;<\/strong><\/p>\n\n\n\n<p>En doce meses, la estimaci\u00f3n del total de personas ocupadas experiment\u00f3 un descenso de 1,1%, incididas \u00fanicamente por los hombres (-2,6%), mientras que las mujeres aumentaron (1,0%).<\/p>\n\n\n\n<p>Los sectores que m\u00e1s contribuyeron a la disminuci\u00f3n de la poblaci\u00f3n ocupada fueron industria manufacturera (-14,2%), transporte (-15,8%) y comercio (-6,6%); mientras que&nbsp;por categor\u00eda ocupacional, el decrecimiento se observ\u00f3 principalmente en asalariados formales (-2,9%) y personal de servicio dom\u00e9stico (-17,0%).<\/p>\n\n\n\n<p><strong>Informalidad<\/strong><\/p>\n\n\n\n<p>La tasa de ocupaci\u00f3n informal se ubic\u00f3 en 28,5%, con una disminuci\u00f3n de 1,8 pp. en un a\u00f1o. Las personas ocupadas informales disminuyeron 6,9%, incididas principalmente por los hombres (-7,5%).<\/p>\n\n\n\n<p><strong>Indicadores de subutilizaci\u00f3n de la fuerza de trabajo<\/strong><\/p>\n\n\n\n<p>La tasa combinada de desocupaci\u00f3n y fuerza de trabajo potencial alcanz\u00f3 14,5%, con una reducci\u00f3n de 0,6 pp. en el per\u00edodo. En los hombres se situ\u00f3 en 12,6% y en las mujeres, en 17,0%. La brecha de g\u00e9nero fue&nbsp; 4,4 pp.<\/p>\n","protected":false},"excerpt":{"rendered":"<p>En doce meses se registr\u00f3 un aumento de 1,8 puntos porcentuales, explicado por el alza de la fuerza de trabajo (0,8%), en sentido contrario al decrecimiento de las personas ocupadas..<\/p>\n","protected":false},"author":7,"featured_media":10924,"comment_status":"closed","ping_status":"open","sticky":false,"template":"","format":"standard","meta":{"footnotes":""},"categories":[26,52,56],"tags":[],"class_list":["post-10921","post","type-post","status-publish","format-standard","has-post-thumbnail","hentry","category-comunidad","category-chile","category-puerto-montt"],"rttpg_featured_image_url":{"full":["https:\/\/elconquistadorredloslagos.cl\/test\/wp-content\/uploads\/2025\/05\/ECONOMIA-LOS-LAGOS.png",1920,1080,false],"landscape":["https:\/\/elconquistadorredloslagos.cl\/test\/wp-content\/uploads\/2025\/05\/ECONOMIA-LOS-LAGOS.png",1920,1080,false],"portraits":["https:\/\/elconquistadorredloslagos.cl\/test\/wp-content\/uploads\/2025\/05\/ECONOMIA-LOS-LAGOS.png",1920,1080,false],"thumbnail":["https:\/\/elconquistadorredloslagos.cl\/test\/wp-content\/uploads\/2025\/05\/ECONOMIA-LOS-LAGOS-150x150.png",150,150,true],"medium":["https:\/\/elconquistadorredloslagos.cl\/test\/wp-content\/uploads\/2025\/05\/ECONOMIA-LOS-LAGOS-300x169.png",300,169,true],"large":["https:\/\/elconquistadorredloslagos.cl\/test\/wp-content\/uploads\/2025\/05\/ECONOMIA-LOS-LAGOS-1024x576.png",1024,576,true],"1536x1536":["https:\/\/elconquistadorredloslagos.cl\/test\/wp-content\/uploads\/2025\/05\/ECONOMIA-LOS-LAGOS-1536x864.png",1536,864,true],"2048x2048":["https:\/\/elconquistadorredloslagos.cl\/test\/wp-content\/uploads\/2025\/05\/ECONOMIA-LOS-LAGOS.png",1920,1080,false]},"rttpg_author":{"display_name":"enzodelahoz1988","author_link":"https:\/\/elconquistadorredloslagos.cl\/test\/blog\/author\/enzodelahoz1988\/"},"rttpg_comment":0,"rttpg_category":"<a href=\"https:\/\/elconquistadorredloslagos.cl\/test\/blog\/category\/comunidad\/\" rel=\"category tag\">Comunidad<\/a> <a href=\"https:\/\/elconquistadorredloslagos.cl\/test\/blog\/category\/chile\/\" rel=\"category tag\">Nacional<\/a> <a href=\"https:\/\/elconquistadorredloslagos.cl\/test\/blog\/category\/chile\/puerto-montt\/\" rel=\"category tag\">Puerto Montt<\/a>","rttpg_excerpt":"En doce meses se registr\u00f3 un aumento de 1,8 puntos porcentuales, explicado por el alza de la fuerza de trabajo (0,8%), en sentido contrario al decrecimiento de las personas ocupadas..","_links":{"self":[{"href":"https:\/\/elconquistadorredloslagos.cl\/test\/wp-json\/wp\/v2\/posts\/10921","targetHints":{"allow":["GET"]}}],"collection":[{"href":"https:\/\/elconquistadorredloslagos.cl\/test\/wp-json\/wp\/v2\/posts"}],"about":[{"href":"https:\/\/elconquistadorredloslagos.cl\/test\/wp-json\/wp\/v2\/types\/post"}],"author":[{"embeddable":true,"href":"https:\/\/elconquistadorredloslagos.cl\/test\/wp-json\/wp\/v2\/users\/7"}],"replies":[{"embeddable":true,"href":"https:\/\/elconquistadorredloslagos.cl\/test\/wp-json\/wp\/v2\/comments?post=10921"}],"version-history":[{"count":1,"href":"https:\/\/elconquistadorredloslagos.cl\/test\/wp-json\/wp\/v2\/posts\/10921\/revisions"}],"predecessor-version":[{"id":10926,"href":"https:\/\/elconquistadorredloslagos.cl\/test\/wp-json\/wp\/v2\/posts\/10921\/revisions\/10926"}],"wp:featuredmedia":[{"embeddable":true,"href":"https:\/\/elconquistadorredloslagos.cl\/test\/wp-json\/wp\/v2\/media\/10924"}],"wp:attachment":[{"href":"https:\/\/elconquistadorredloslagos.cl\/test\/wp-json\/wp\/v2\/media?parent=10921"}],"wp:term":[{"taxonomy":"category","embeddable":true,"href":"https:\/\/elconquistadorredloslagos.cl\/test\/wp-json\/wp\/v2\/categories?post=10921"},{"taxonomy":"post_tag","embeddable":true,"href":"https:\/\/elconquistadorredloslagos.cl\/test\/wp-json\/wp\/v2\/tags?post=10921"}],"curies":[{"name":"wp","href":"https:\/\/api.w.org\/{rel}","templated":true}]}}