{"id":10916,"date":"2025-05-30T15:28:58","date_gmt":"2025-05-30T19:28:58","guid":{"rendered":"https:\/\/elconquistadorredloslagos.cl\/test\/?p=10916"},"modified":"2025-05-30T15:28:58","modified_gmt":"2025-05-30T19:28:58","slug":"luz-verde-para-la-doble-via-chiloe-contraloria-destraba-apertura-de-ofertas-tecnicas","status":"publish","type":"post","link":"https:\/\/elconquistadorredloslagos.cl\/test\/blog\/2025\/05\/30\/luz-verde-para-la-doble-via-chiloe-contraloria-destraba-apertura-de-ofertas-tecnicas\/","title":{"rendered":"Luz verde para la doble v\u00eda Chilo\u00e9: Contralor\u00eda destraba apertura de ofertas t\u00e9cnicas"},"content":{"rendered":"\n<p>La construcci\u00f3n de la anhelada doble v\u00eda entre Chacao y Chonchi dio un paso clave esta semana. El alcalde de Queilen y presidente de la Asociaci\u00f3n de Municipios de Chilo\u00e9, Marcos Vargas, confirm\u00f3 que la Contralor\u00eda General de la Rep\u00fablica tom\u00f3 raz\u00f3n de la Circular Aclaratoria N\u00b010, destrabando as\u00ed el proceso que permiten avanzar hacia la etapa de apertura de ofertas t\u00e9cnicas.<\/p>\n\n\n\n<p>El retraso del documento en el organismo fiscalizador hab\u00eda generado inquietud entre los gremios locales, llegando incluso a poner en duda la viabilidad del proyecto concesionado. Sin embargo, una reciente reuni\u00f3n en Santiago permiti\u00f3 aclarar el panorama: el tr\u00e1mite fue superado satisfactoriamente.<\/p>\n\n\n\n<figure class=\"wp-block-audio\"><audio controls src=\"https:\/\/elconquistadorredloslagos.cl\/test\/wp-content\/uploads\/2025\/05\/CUNA-MARCOS-VARGAS1.mp3\"><\/audio><\/figure>\n\n\n\n<p>Junto con ello, el jefe comunal recalc\u00f3 que lo anterior permite allanar el camino para continuar con el cronograma.<\/p>\n\n\n\n<figure class=\"wp-block-audio\"><audio controls src=\"https:\/\/elconquistadorredloslagos.cl\/test\/wp-content\/uploads\/2025\/05\/CUNA-MARCOS-VARGAS2.mp3\"><\/audio><\/figure>\n\n\n\n<p>La apertura de ofertas t\u00e9cnicas se concretar\u00e1 el pr\u00f3ximo mi\u00e9rcoles, mientras que la fase econ\u00f3mica, clave para definir la adjudicaci\u00f3n, est\u00e1 programada por la Direcci\u00f3n de Concesiones del Ministerio de Obras P\u00fablicas para el 2 de julio de 2025.<\/p>\n","protected":false},"excerpt":{"rendered":"<p>La construcci\u00f3n de la anhelada doble v\u00eda entre Chacao y Chonchi dio un paso clave esta semana. El alcalde de Queilen y presidente de la Asociaci\u00f3n de Municipios de Chilo\u00e9,..<\/p>\n","protected":false},"author":2,"featured_media":10919,"comment_status":"closed","ping_status":"open","sticky":false,"template":"","format":"standard","meta":{"footnotes":""},"categories":[1,28,51],"tags":[],"class_list":["post-10916","post","type-post","status-publish","format-standard","has-post-thumbnail","hentry","category-acontecer","category-actual","category-chiloe"],"rttpg_featured_image_url":{"full":["https:\/\/elconquistadorredloslagos.cl\/test\/wp-content\/uploads\/2025\/05\/img-128.jpg",1920,1080,false],"landscape":["https:\/\/elconquistadorredloslagos.cl\/test\/wp-content\/uploads\/2025\/05\/img-128.jpg",1920,1080,false],"portraits":["https:\/\/elconquistadorredloslagos.cl\/test\/wp-content\/uploads\/2025\/05\/img-128.jpg",1920,1080,false],"thumbnail":["https:\/\/elconquistadorredloslagos.cl\/test\/wp-content\/uploads\/2025\/05\/img-128-150x150.jpg",150,150,true],"medium":["https:\/\/elconquistadorredloslagos.cl\/test\/wp-content\/uploads\/2025\/05\/img-128-300x169.jpg",300,169,true],"large":["https:\/\/elconquistadorredloslagos.cl\/test\/wp-content\/uploads\/2025\/05\/img-128-1024x576.jpg",1024,576,true],"1536x1536":["https:\/\/elconquistadorredloslagos.cl\/test\/wp-content\/uploads\/2025\/05\/img-128-1536x864.jpg",1536,864,true],"2048x2048":["https:\/\/elconquistadorredloslagos.cl\/test\/wp-content\/uploads\/2025\/05\/img-128.jpg",1920,1080,false]},"rttpg_author":{"display_name":"ccardenas","author_link":"https:\/\/elconquistadorredloslagos.cl\/test\/blog\/author\/ccardenas\/"},"rttpg_comment":0,"rttpg_category":"<a href=\"https:\/\/elconquistadorredloslagos.cl\/test\/blog\/category\/actual\/acontecer\/\" rel=\"category tag\">Acontecer<\/a> <a href=\"https:\/\/elconquistadorredloslagos.cl\/test\/blog\/category\/actual\/\" rel=\"category tag\">Actualidad<\/a> <a href=\"https:\/\/elconquistadorredloslagos.cl\/test\/blog\/category\/chile\/chiloe\/\" rel=\"category tag\">Chilo\u00e9<\/a>","rttpg_excerpt":"La construcci\u00f3n de la anhelada doble v\u00eda entre Chacao y Chonchi dio un paso clave esta semana. El alcalde de Queilen y presidente de la Asociaci\u00f3n de Municipios de Chilo\u00e9,..","_links":{"self":[{"href":"https:\/\/elconquistadorredloslagos.cl\/test\/wp-json\/wp\/v2\/posts\/10916","targetHints":{"allow":["GET"]}}],"collection":[{"href":"https:\/\/elconquistadorredloslagos.cl\/test\/wp-json\/wp\/v2\/posts"}],"about":[{"href":"https:\/\/elconquistadorredloslagos.cl\/test\/wp-json\/wp\/v2\/types\/post"}],"author":[{"embeddable":true,"href":"https:\/\/elconquistadorredloslagos.cl\/test\/wp-json\/wp\/v2\/users\/2"}],"replies":[{"embeddable":true,"href":"https:\/\/elconquistadorredloslagos.cl\/test\/wp-json\/wp\/v2\/comments?post=10916"}],"version-history":[{"count":1,"href":"https:\/\/elconquistadorredloslagos.cl\/test\/wp-json\/wp\/v2\/posts\/10916\/revisions"}],"predecessor-version":[{"id":10920,"href":"https:\/\/elconquistadorredloslagos.cl\/test\/wp-json\/wp\/v2\/posts\/10916\/revisions\/10920"}],"wp:featuredmedia":[{"embeddable":true,"href":"https:\/\/elconquistadorredloslagos.cl\/test\/wp-json\/wp\/v2\/media\/10919"}],"wp:attachment":[{"href":"https:\/\/elconquistadorredloslagos.cl\/test\/wp-json\/wp\/v2\/media?parent=10916"}],"wp:term":[{"taxonomy":"category","embeddable":true,"href":"https:\/\/elconquistadorredloslagos.cl\/test\/wp-json\/wp\/v2\/categories?post=10916"},{"taxonomy":"post_tag","embeddable":true,"href":"https:\/\/elconquistadorredloslagos.cl\/test\/wp-json\/wp\/v2\/tags?post=10916"}],"curies":[{"name":"wp","href":"https:\/\/api.w.org\/{rel}","templated":true}]}}