{"id":10908,"date":"2025-05-30T15:07:58","date_gmt":"2025-05-30T19:07:58","guid":{"rendered":"https:\/\/elconquistadorredloslagos.cl\/test\/?p=10908"},"modified":"2025-05-30T16:42:25","modified_gmt":"2025-05-30T20:42:25","slug":"este-lunes-la-licencia-digital-de-conducir-comenzara-su-implementacion-en-la-region-de-los-lagos","status":"publish","type":"post","link":"https:\/\/elconquistadorredloslagos.cl\/test\/blog\/2025\/05\/30\/este-lunes-la-licencia-digital-de-conducir-comenzara-su-implementacion-en-la-region-de-los-lagos\/","title":{"rendered":"Este lunes la Licencia Digital de Conducir comenzar\u00e1 su implementaci\u00f3n en la Regi\u00f3n de Los Lagos"},"content":{"rendered":"\n<p>Este lunes 2 de junio comenzar\u00e1 la implementaci\u00f3n de la Licencia Digital de Conducir en la Regi\u00f3n de Los Lagos. El Ministerio de Transportes y Telecomunicaciones (MTT), a trav\u00e9s de la Comisi\u00f3n Nacional de Seguridad de Tr\u00e1nsito (CONASET), lidera el proceso, que ser\u00e1 progresivo a lo largo del pa\u00eds, y se completar\u00e1 en septiembre.<\/p>\n\n\n\n<p>El seremi Pablo Joost destac\u00f3 que este cambio y las implicancias que tiene.<\/p>\n\n\n\n<figure class=\"wp-block-audio\"><audio controls src=\"https:\/\/elconquistadorredloslagos.cl\/test\/wp-content\/uploads\/2025\/05\/CUNA-SEREMI-JOOST.mp3\"><\/audio><\/figure>\n\n\n\n<p>La modernizaci\u00f3n del sistema de licencias de conducir ya es una realidad en Chile. Desde enero, regiones como Ays\u00e9n y Tarapac\u00e1 iniciaron el proceso, al que se sumaron en febrero Arica y Parinacota, Antofagasta, Magallanes y la Ant\u00e1rtica Chilena. El nuevo formato incorpora un c\u00f3digo QR \u00fanico y una versi\u00f3n digital vinculada a la Clave \u00danica, accesible mediante aplicaci\u00f3n m\u00f3vil en iOS y Android.<\/p>\n\n\n\n<p>El tr\u00e1mite continuar\u00e1 en las Direcciones de Tr\u00e1nsito municipales. Quienes obtengan o renueven su licencia recibir\u00e1n el documento f\u00edsico actualizado y podr\u00e1n descargar su versi\u00f3n digital. Las licencias actuales seguir\u00e1n siendo v\u00e1lidas hasta su vencimiento, sin necesidad de actualizaci\u00f3n.<\/p>\n\n\n\n<p>Este avance, ya implementado en pa\u00edses como Corea del Sur, Brasil y Dinamarca, no solo moderniza el sistema, sino que abre la puerta a una futura licencia por puntos. Estudios internacionales vinculan entre un 8% y 20% de las muertes viales a conductores sin licencia v\u00e1lida, una cifra que Chile busca reducir con esta innovaci\u00f3n.<\/p>\n\n\n\n<p>\ud83d\udcf7 SEBASTIAN NANCO &#8211; ATON CHILE<\/p>\n","protected":false},"excerpt":{"rendered":"<p>Este lunes 2 de junio comenzar\u00e1 la implementaci\u00f3n de la Licencia Digital de Conducir en la Regi\u00f3n de Los Lagos. El Ministerio de Transportes y Telecomunicaciones (MTT), a trav\u00e9s de..<\/p>\n","protected":false},"author":2,"featured_media":10911,"comment_status":"closed","ping_status":"open","sticky":false,"template":"","format":"standard","meta":{"footnotes":""},"categories":[1,28,56],"tags":[],"class_list":["post-10908","post","type-post","status-publish","format-standard","has-post-thumbnail","hentry","category-acontecer","category-actual","category-puerto-montt"],"rttpg_featured_image_url":{"full":["https:\/\/elconquistadorredloslagos.cl\/test\/wp-content\/uploads\/2025\/05\/img-127.jpg",1920,1080,false],"landscape":["https:\/\/elconquistadorredloslagos.cl\/test\/wp-content\/uploads\/2025\/05\/img-127.jpg",1920,1080,false],"portraits":["https:\/\/elconquistadorredloslagos.cl\/test\/wp-content\/uploads\/2025\/05\/img-127.jpg",1920,1080,false],"thumbnail":["https:\/\/elconquistadorredloslagos.cl\/test\/wp-content\/uploads\/2025\/05\/img-127-150x150.jpg",150,150,true],"medium":["https:\/\/elconquistadorredloslagos.cl\/test\/wp-content\/uploads\/2025\/05\/img-127-300x169.jpg",300,169,true],"large":["https:\/\/elconquistadorredloslagos.cl\/test\/wp-content\/uploads\/2025\/05\/img-127-1024x576.jpg",1024,576,true],"1536x1536":["https:\/\/elconquistadorredloslagos.cl\/test\/wp-content\/uploads\/2025\/05\/img-127-1536x864.jpg",1536,864,true],"2048x2048":["https:\/\/elconquistadorredloslagos.cl\/test\/wp-content\/uploads\/2025\/05\/img-127.jpg",1920,1080,false]},"rttpg_author":{"display_name":"ccardenas","author_link":"https:\/\/elconquistadorredloslagos.cl\/test\/blog\/author\/ccardenas\/"},"rttpg_comment":0,"rttpg_category":"<a href=\"https:\/\/elconquistadorredloslagos.cl\/test\/blog\/category\/actual\/acontecer\/\" rel=\"category tag\">Acontecer<\/a> <a href=\"https:\/\/elconquistadorredloslagos.cl\/test\/blog\/category\/actual\/\" rel=\"category tag\">Actualidad<\/a> <a href=\"https:\/\/elconquistadorredloslagos.cl\/test\/blog\/category\/chile\/puerto-montt\/\" rel=\"category tag\">Puerto Montt<\/a>","rttpg_excerpt":"Este lunes 2 de junio comenzar\u00e1 la implementaci\u00f3n de la Licencia Digital de Conducir en la Regi\u00f3n de Los Lagos. El Ministerio de Transportes y Telecomunicaciones (MTT), a trav\u00e9s de..","_links":{"self":[{"href":"https:\/\/elconquistadorredloslagos.cl\/test\/wp-json\/wp\/v2\/posts\/10908","targetHints":{"allow":["GET"]}}],"collection":[{"href":"https:\/\/elconquistadorredloslagos.cl\/test\/wp-json\/wp\/v2\/posts"}],"about":[{"href":"https:\/\/elconquistadorredloslagos.cl\/test\/wp-json\/wp\/v2\/types\/post"}],"author":[{"embeddable":true,"href":"https:\/\/elconquistadorredloslagos.cl\/test\/wp-json\/wp\/v2\/users\/2"}],"replies":[{"embeddable":true,"href":"https:\/\/elconquistadorredloslagos.cl\/test\/wp-json\/wp\/v2\/comments?post=10908"}],"version-history":[{"count":2,"href":"https:\/\/elconquistadorredloslagos.cl\/test\/wp-json\/wp\/v2\/posts\/10908\/revisions"}],"predecessor-version":[{"id":10913,"href":"https:\/\/elconquistadorredloslagos.cl\/test\/wp-json\/wp\/v2\/posts\/10908\/revisions\/10913"}],"wp:featuredmedia":[{"embeddable":true,"href":"https:\/\/elconquistadorredloslagos.cl\/test\/wp-json\/wp\/v2\/media\/10911"}],"wp:attachment":[{"href":"https:\/\/elconquistadorredloslagos.cl\/test\/wp-json\/wp\/v2\/media?parent=10908"}],"wp:term":[{"taxonomy":"category","embeddable":true,"href":"https:\/\/elconquistadorredloslagos.cl\/test\/wp-json\/wp\/v2\/categories?post=10908"},{"taxonomy":"post_tag","embeddable":true,"href":"https:\/\/elconquistadorredloslagos.cl\/test\/wp-json\/wp\/v2\/tags?post=10908"}],"curies":[{"name":"wp","href":"https:\/\/api.w.org\/{rel}","templated":true}]}}