{"id":10904,"date":"2025-05-30T14:45:29","date_gmt":"2025-05-30T18:45:29","guid":{"rendered":"https:\/\/elconquistadorredloslagos.cl\/test\/?p=10904"},"modified":"2025-05-30T14:45:30","modified_gmt":"2025-05-30T18:45:30","slug":"hallan-cadaver-en-avanzado-estado-de-descomposicion-en-sector-norte-de-puerto-montt","status":"publish","type":"post","link":"https:\/\/elconquistadorredloslagos.cl\/test\/blog\/2025\/05\/30\/hallan-cadaver-en-avanzado-estado-de-descomposicion-en-sector-norte-de-puerto-montt\/","title":{"rendered":"Hallan cad\u00e1ver en avanzado estado de descomposici\u00f3n en sector norte de Puerto Montt"},"content":{"rendered":"\n<p>Un macabro hallazgo moviliz\u00f3 a los equipos de emergencia la ma\u00f1ana de hoy viernes 30 de mayo en la poblaci\u00f3n Antonio Varas Norte de Puerto Montt. En el interior de una vivienda ubicada en calle Tena\u00fan, fue encontrado el cuerpo sin vida de un hombre, cuyo deceso habr\u00eda ocurrido varios d\u00edas antes.<\/p>\n\n\n\n<p>Seg\u00fan informaci\u00f3n preliminar, el fallecido tendr\u00eda cerca de 50 a\u00f1os y su cad\u00e1ver presentar\u00eda signos compatibles con una data de muerte prolongada. El descubrimiento fue reportado cerca de las 12.45 horas, momento en que vecinos alertaron a personal de Carabineros ante el fuerte olor que emanaba del inmueble.<\/p>\n\n\n\n<p>Al lugar acudieron voluntarios de la Cuarta Compa\u00f1\u00eda de Bomberos, personal del Servicio de Atenci\u00f3n M\u00e9dica de Urgencia (SAMU) y efectivos de Carabineros, quienes procedieron a aislar el sitio del suceso para facilitar el trabajo pericial.<\/p>\n\n\n\n<p>Los antecedentes del caso fueron puestos a disposici\u00f3n del Ministerio P\u00fablico, que instruy\u00f3 la concurrencia de personal especializado con el fin de esclarecer las circunstancias de la muerte.<\/p>\n\n\n\n<p>\ud83d\udcf7 Referencial<\/p>\n","protected":false},"excerpt":{"rendered":"<p>Un macabro hallazgo moviliz\u00f3 a los equipos de emergencia la ma\u00f1ana de hoy viernes 30 de mayo en la poblaci\u00f3n Antonio Varas Norte de Puerto Montt. En el interior de..<\/p>\n","protected":false},"author":2,"featured_media":10906,"comment_status":"closed","ping_status":"open","sticky":false,"template":"","format":"standard","meta":{"footnotes":""},"categories":[1,28,56],"tags":[],"class_list":["post-10904","post","type-post","status-publish","format-standard","has-post-thumbnail","hentry","category-acontecer","category-actual","category-puerto-montt"],"rttpg_featured_image_url":{"full":["https:\/\/elconquistadorredloslagos.cl\/test\/wp-content\/uploads\/2025\/05\/img-126.jpg",1920,1080,false],"landscape":["https:\/\/elconquistadorredloslagos.cl\/test\/wp-content\/uploads\/2025\/05\/img-126.jpg",1920,1080,false],"portraits":["https:\/\/elconquistadorredloslagos.cl\/test\/wp-content\/uploads\/2025\/05\/img-126.jpg",1920,1080,false],"thumbnail":["https:\/\/elconquistadorredloslagos.cl\/test\/wp-content\/uploads\/2025\/05\/img-126-150x150.jpg",150,150,true],"medium":["https:\/\/elconquistadorredloslagos.cl\/test\/wp-content\/uploads\/2025\/05\/img-126-300x169.jpg",300,169,true],"large":["https:\/\/elconquistadorredloslagos.cl\/test\/wp-content\/uploads\/2025\/05\/img-126-1024x576.jpg",1024,576,true],"1536x1536":["https:\/\/elconquistadorredloslagos.cl\/test\/wp-content\/uploads\/2025\/05\/img-126-1536x864.jpg",1536,864,true],"2048x2048":["https:\/\/elconquistadorredloslagos.cl\/test\/wp-content\/uploads\/2025\/05\/img-126.jpg",1920,1080,false]},"rttpg_author":{"display_name":"ccardenas","author_link":"https:\/\/elconquistadorredloslagos.cl\/test\/blog\/author\/ccardenas\/"},"rttpg_comment":0,"rttpg_category":"<a href=\"https:\/\/elconquistadorredloslagos.cl\/test\/blog\/category\/actual\/acontecer\/\" rel=\"category tag\">Acontecer<\/a> <a href=\"https:\/\/elconquistadorredloslagos.cl\/test\/blog\/category\/actual\/\" rel=\"category tag\">Actualidad<\/a> <a href=\"https:\/\/elconquistadorredloslagos.cl\/test\/blog\/category\/chile\/puerto-montt\/\" rel=\"category tag\">Puerto Montt<\/a>","rttpg_excerpt":"Un macabro hallazgo moviliz\u00f3 a los equipos de emergencia la ma\u00f1ana de hoy viernes 30 de mayo en la poblaci\u00f3n Antonio Varas Norte de Puerto Montt. En el interior de..","_links":{"self":[{"href":"https:\/\/elconquistadorredloslagos.cl\/test\/wp-json\/wp\/v2\/posts\/10904","targetHints":{"allow":["GET"]}}],"collection":[{"href":"https:\/\/elconquistadorredloslagos.cl\/test\/wp-json\/wp\/v2\/posts"}],"about":[{"href":"https:\/\/elconquistadorredloslagos.cl\/test\/wp-json\/wp\/v2\/types\/post"}],"author":[{"embeddable":true,"href":"https:\/\/elconquistadorredloslagos.cl\/test\/wp-json\/wp\/v2\/users\/2"}],"replies":[{"embeddable":true,"href":"https:\/\/elconquistadorredloslagos.cl\/test\/wp-json\/wp\/v2\/comments?post=10904"}],"version-history":[{"count":1,"href":"https:\/\/elconquistadorredloslagos.cl\/test\/wp-json\/wp\/v2\/posts\/10904\/revisions"}],"predecessor-version":[{"id":10907,"href":"https:\/\/elconquistadorredloslagos.cl\/test\/wp-json\/wp\/v2\/posts\/10904\/revisions\/10907"}],"wp:featuredmedia":[{"embeddable":true,"href":"https:\/\/elconquistadorredloslagos.cl\/test\/wp-json\/wp\/v2\/media\/10906"}],"wp:attachment":[{"href":"https:\/\/elconquistadorredloslagos.cl\/test\/wp-json\/wp\/v2\/media?parent=10904"}],"wp:term":[{"taxonomy":"category","embeddable":true,"href":"https:\/\/elconquistadorredloslagos.cl\/test\/wp-json\/wp\/v2\/categories?post=10904"},{"taxonomy":"post_tag","embeddable":true,"href":"https:\/\/elconquistadorredloslagos.cl\/test\/wp-json\/wp\/v2\/tags?post=10904"}],"curies":[{"name":"wp","href":"https:\/\/api.w.org\/{rel}","templated":true}]}}