{"id":10900,"date":"2025-05-30T14:33:56","date_gmt":"2025-05-30T18:33:56","guid":{"rendered":"https:\/\/elconquistadorredloslagos.cl\/test\/?p=10900"},"modified":"2025-05-30T14:33:56","modified_gmt":"2025-05-30T18:33:56","slug":"autoridades-inspeccionan-linea-ferrea-en-alerce-para-reforzar-seguridad-comunitaria","status":"publish","type":"post","link":"https:\/\/elconquistadorredloslagos.cl\/test\/blog\/2025\/05\/30\/autoridades-inspeccionan-linea-ferrea-en-alerce-para-reforzar-seguridad-comunitaria\/","title":{"rendered":"Autoridades inspeccionan l\u00ednea f\u00e9rrea en Alerce para reforzar seguridad comunitaria"},"content":{"rendered":"\n<p>Con el objetivo de reforzar la seguridad en el entorno ferroviario y zonas aleda\u00f1as, autoridades realizaron una inspecci\u00f3n en diversos sectores de Alerce Norte y Sur. La revisi\u00f3n en terreno fue encabezada por el delegado territorial Cristian Pino y el jefe zonal de la Empresa de Ferrocarriles del Estado (EFE) en la Regi\u00f3n de Los Lagos, Jorge Flores.<\/p>\n\n\n\n<p>Durante la visita se evaluaron puntos cr\u00edticos cercanos a la v\u00eda f\u00e9rrea y espacios p\u00fablicos, con el prop\u00f3sito de identificar factores de riesgo y avanzar en medidas preventivas. La actividad permiti\u00f3 recoger observaciones claves para futuras intervenciones que apunten a mejorar la calidad de vida de los habitantes.<\/p>\n\n\n\n<p>La inspecci\u00f3n forma parte de un trabajo articulado entre la delegaci\u00f3n presidencial regional y EFE, que busca establecer soluciones concretas en materia de seguridad. Ambas instituciones reiteraron su compromiso de colaboraci\u00f3n para brindar mayor tranquilidad a los vecinos del sector.<\/p>\n","protected":false},"excerpt":{"rendered":"<p>Con el objetivo de reforzar la seguridad en el entorno ferroviario y zonas aleda\u00f1as, autoridades realizaron una inspecci\u00f3n en diversos sectores de Alerce Norte y Sur. La revisi\u00f3n en terreno..<\/p>\n","protected":false},"author":2,"featured_media":10901,"comment_status":"closed","ping_status":"open","sticky":false,"template":"","format":"standard","meta":{"footnotes":""},"categories":[1,28,56],"tags":[],"class_list":["post-10900","post","type-post","status-publish","format-standard","has-post-thumbnail","hentry","category-acontecer","category-actual","category-puerto-montt"],"rttpg_featured_image_url":{"full":["https:\/\/elconquistadorredloslagos.cl\/test\/wp-content\/uploads\/2025\/05\/img-125.jpg",1920,1080,false],"landscape":["https:\/\/elconquistadorredloslagos.cl\/test\/wp-content\/uploads\/2025\/05\/img-125.jpg",1920,1080,false],"portraits":["https:\/\/elconquistadorredloslagos.cl\/test\/wp-content\/uploads\/2025\/05\/img-125.jpg",1920,1080,false],"thumbnail":["https:\/\/elconquistadorredloslagos.cl\/test\/wp-content\/uploads\/2025\/05\/img-125-150x150.jpg",150,150,true],"medium":["https:\/\/elconquistadorredloslagos.cl\/test\/wp-content\/uploads\/2025\/05\/img-125-300x169.jpg",300,169,true],"large":["https:\/\/elconquistadorredloslagos.cl\/test\/wp-content\/uploads\/2025\/05\/img-125-1024x576.jpg",1024,576,true],"1536x1536":["https:\/\/elconquistadorredloslagos.cl\/test\/wp-content\/uploads\/2025\/05\/img-125-1536x864.jpg",1536,864,true],"2048x2048":["https:\/\/elconquistadorredloslagos.cl\/test\/wp-content\/uploads\/2025\/05\/img-125.jpg",1920,1080,false]},"rttpg_author":{"display_name":"ccardenas","author_link":"https:\/\/elconquistadorredloslagos.cl\/test\/blog\/author\/ccardenas\/"},"rttpg_comment":0,"rttpg_category":"<a href=\"https:\/\/elconquistadorredloslagos.cl\/test\/blog\/category\/actual\/acontecer\/\" rel=\"category tag\">Acontecer<\/a> <a href=\"https:\/\/elconquistadorredloslagos.cl\/test\/blog\/category\/actual\/\" rel=\"category tag\">Actualidad<\/a> <a href=\"https:\/\/elconquistadorredloslagos.cl\/test\/blog\/category\/chile\/puerto-montt\/\" rel=\"category tag\">Puerto Montt<\/a>","rttpg_excerpt":"Con el objetivo de reforzar la seguridad en el entorno ferroviario y zonas aleda\u00f1as, autoridades realizaron una inspecci\u00f3n en diversos sectores de Alerce Norte y Sur. La revisi\u00f3n en terreno..","_links":{"self":[{"href":"https:\/\/elconquistadorredloslagos.cl\/test\/wp-json\/wp\/v2\/posts\/10900","targetHints":{"allow":["GET"]}}],"collection":[{"href":"https:\/\/elconquistadorredloslagos.cl\/test\/wp-json\/wp\/v2\/posts"}],"about":[{"href":"https:\/\/elconquistadorredloslagos.cl\/test\/wp-json\/wp\/v2\/types\/post"}],"author":[{"embeddable":true,"href":"https:\/\/elconquistadorredloslagos.cl\/test\/wp-json\/wp\/v2\/users\/2"}],"replies":[{"embeddable":true,"href":"https:\/\/elconquistadorredloslagos.cl\/test\/wp-json\/wp\/v2\/comments?post=10900"}],"version-history":[{"count":1,"href":"https:\/\/elconquistadorredloslagos.cl\/test\/wp-json\/wp\/v2\/posts\/10900\/revisions"}],"predecessor-version":[{"id":10902,"href":"https:\/\/elconquistadorredloslagos.cl\/test\/wp-json\/wp\/v2\/posts\/10900\/revisions\/10902"}],"wp:featuredmedia":[{"embeddable":true,"href":"https:\/\/elconquistadorredloslagos.cl\/test\/wp-json\/wp\/v2\/media\/10901"}],"wp:attachment":[{"href":"https:\/\/elconquistadorredloslagos.cl\/test\/wp-json\/wp\/v2\/media?parent=10900"}],"wp:term":[{"taxonomy":"category","embeddable":true,"href":"https:\/\/elconquistadorredloslagos.cl\/test\/wp-json\/wp\/v2\/categories?post=10900"},{"taxonomy":"post_tag","embeddable":true,"href":"https:\/\/elconquistadorredloslagos.cl\/test\/wp-json\/wp\/v2\/tags?post=10900"}],"curies":[{"name":"wp","href":"https:\/\/api.w.org\/{rel}","templated":true}]}}