{"id":10890,"date":"2025-05-30T11:59:59","date_gmt":"2025-05-30T15:59:59","guid":{"rendered":"https:\/\/elconquistadorredloslagos.cl\/test\/?p=10890"},"modified":"2025-05-30T12:00:00","modified_gmt":"2025-05-30T16:00:00","slug":"presidente-de-provincial-osorno-denuncia-abandono-institucional-tras-suspension-del-clasico-ante-puerto-montt","status":"publish","type":"post","link":"https:\/\/elconquistadorredloslagos.cl\/test\/blog\/2025\/05\/30\/presidente-de-provincial-osorno-denuncia-abandono-institucional-tras-suspension-del-clasico-ante-puerto-montt\/","title":{"rendered":"Presidente de Provincial Osorno denuncia abandono institucional tras suspensi\u00f3n del cl\u00e1sico ante Puerto Montt"},"content":{"rendered":"\n<p>Con dureza reaccion\u00f3 Jorge Vidal, presidente de Provincial Osorno, luego de que la delegaci\u00f3n presidencial de Los Lagos suspendiera el encuentro ante Deportes Puerto Montt, previsto para este s\u00e1bado en el Estadio Rub\u00e9n Marcos. La autoridad argument\u00f3 que la decisi\u00f3n se bas\u00f3 en la emergencia clim\u00e1tica que afecta a Puerto Varas y la necesidad de priorizar el despliegue policial.<\/p>\n\n\n\n<p>Para Vidal, sin embargo, la medida es un golpe letal al club. \u201cEstamos frente a una muerte inminente\u201d, declar\u00f3, acusando a Carabineros de obstaculizar deliberadamente el desarrollo del f\u00fatbol local y cuestionando el silencio del alcalde. \u201cUtilizan la desgracia ajena para encubrir su inoperancia\u201d, a\u00f1adi\u00f3.<\/p>\n\n\n\n<p>Desde el club afirmaron que ya son tres los partidos suspendidos este 2025 por causas administrativas, pese al buen comportamiento de la hinchada. En un comunicado, advirtieron que el proyecto Provincial Osorno est\u00e1 en riesgo, debido a la falta de condiciones m\u00ednimas para su continuidad.<\/p>\n\n\n\n<p>La delegada Claudia Pailalef se\u00f1al\u00f3 que el duelo ser\u00e1 reprogramado con un nuevo plan de seguridad y aforo, recalcando que la resoluci\u00f3n responde exclusivamente a razones operativas.<\/p>\n","protected":false},"excerpt":{"rendered":"<p>Con dureza reaccion\u00f3 Jorge Vidal, presidente de Provincial Osorno, luego de que la delegaci\u00f3n presidencial de Los Lagos suspendiera el encuentro ante Deportes Puerto Montt, previsto para este s\u00e1bado en..<\/p>\n","protected":false},"author":2,"featured_media":10891,"comment_status":"closed","ping_status":"open","sticky":false,"template":"","format":"standard","meta":{"footnotes":""},"categories":[1,28,55],"tags":[],"class_list":["post-10890","post","type-post","status-publish","format-standard","has-post-thumbnail","hentry","category-acontecer","category-actual","category-osorno"],"rttpg_featured_image_url":{"full":["https:\/\/elconquistadorredloslagos.cl\/test\/wp-content\/uploads\/2025\/05\/img-122.jpg",1920,1080,false],"landscape":["https:\/\/elconquistadorredloslagos.cl\/test\/wp-content\/uploads\/2025\/05\/img-122.jpg",1920,1080,false],"portraits":["https:\/\/elconquistadorredloslagos.cl\/test\/wp-content\/uploads\/2025\/05\/img-122.jpg",1920,1080,false],"thumbnail":["https:\/\/elconquistadorredloslagos.cl\/test\/wp-content\/uploads\/2025\/05\/img-122-150x150.jpg",150,150,true],"medium":["https:\/\/elconquistadorredloslagos.cl\/test\/wp-content\/uploads\/2025\/05\/img-122-300x169.jpg",300,169,true],"large":["https:\/\/elconquistadorredloslagos.cl\/test\/wp-content\/uploads\/2025\/05\/img-122-1024x576.jpg",1024,576,true],"1536x1536":["https:\/\/elconquistadorredloslagos.cl\/test\/wp-content\/uploads\/2025\/05\/img-122-1536x864.jpg",1536,864,true],"2048x2048":["https:\/\/elconquistadorredloslagos.cl\/test\/wp-content\/uploads\/2025\/05\/img-122.jpg",1920,1080,false]},"rttpg_author":{"display_name":"ccardenas","author_link":"https:\/\/elconquistadorredloslagos.cl\/test\/blog\/author\/ccardenas\/"},"rttpg_comment":0,"rttpg_category":"<a href=\"https:\/\/elconquistadorredloslagos.cl\/test\/blog\/category\/actual\/acontecer\/\" rel=\"category tag\">Acontecer<\/a> <a href=\"https:\/\/elconquistadorredloslagos.cl\/test\/blog\/category\/actual\/\" rel=\"category tag\">Actualidad<\/a> <a href=\"https:\/\/elconquistadorredloslagos.cl\/test\/blog\/category\/chile\/osorno\/\" rel=\"category tag\">Osorno<\/a>","rttpg_excerpt":"Con dureza reaccion\u00f3 Jorge Vidal, presidente de Provincial Osorno, luego de que la delegaci\u00f3n presidencial de Los Lagos suspendiera el encuentro ante Deportes Puerto Montt, previsto para este s\u00e1bado en..","_links":{"self":[{"href":"https:\/\/elconquistadorredloslagos.cl\/test\/wp-json\/wp\/v2\/posts\/10890","targetHints":{"allow":["GET"]}}],"collection":[{"href":"https:\/\/elconquistadorredloslagos.cl\/test\/wp-json\/wp\/v2\/posts"}],"about":[{"href":"https:\/\/elconquistadorredloslagos.cl\/test\/wp-json\/wp\/v2\/types\/post"}],"author":[{"embeddable":true,"href":"https:\/\/elconquistadorredloslagos.cl\/test\/wp-json\/wp\/v2\/users\/2"}],"replies":[{"embeddable":true,"href":"https:\/\/elconquistadorredloslagos.cl\/test\/wp-json\/wp\/v2\/comments?post=10890"}],"version-history":[{"count":1,"href":"https:\/\/elconquistadorredloslagos.cl\/test\/wp-json\/wp\/v2\/posts\/10890\/revisions"}],"predecessor-version":[{"id":10892,"href":"https:\/\/elconquistadorredloslagos.cl\/test\/wp-json\/wp\/v2\/posts\/10890\/revisions\/10892"}],"wp:featuredmedia":[{"embeddable":true,"href":"https:\/\/elconquistadorredloslagos.cl\/test\/wp-json\/wp\/v2\/media\/10891"}],"wp:attachment":[{"href":"https:\/\/elconquistadorredloslagos.cl\/test\/wp-json\/wp\/v2\/media?parent=10890"}],"wp:term":[{"taxonomy":"category","embeddable":true,"href":"https:\/\/elconquistadorredloslagos.cl\/test\/wp-json\/wp\/v2\/categories?post=10890"},{"taxonomy":"post_tag","embeddable":true,"href":"https:\/\/elconquistadorredloslagos.cl\/test\/wp-json\/wp\/v2\/tags?post=10890"}],"curies":[{"name":"wp","href":"https:\/\/api.w.org\/{rel}","templated":true}]}}