{"id":10884,"date":"2025-05-30T10:18:02","date_gmt":"2025-05-30T14:18:02","guid":{"rendered":"https:\/\/elconquistadorredloslagos.cl\/test\/?p=10884"},"modified":"2025-05-30T10:18:03","modified_gmt":"2025-05-30T14:18:03","slug":"piden-materiales-de-construccion-y-voluntarios-tras-el-paso-del-tornado-en-puerto-varas","status":"publish","type":"post","link":"https:\/\/elconquistadorredloslagos.cl\/test\/blog\/2025\/05\/30\/piden-materiales-de-construccion-y-voluntarios-tras-el-paso-del-tornado-en-puerto-varas\/","title":{"rendered":"Piden materiales de construcci\u00f3n y voluntarios tras el paso del tornado en Puerto Varas"},"content":{"rendered":"\n<p>Tras el in\u00e9dito tornado que azot\u00f3 a Puerto Varas y dej\u00f3 severos da\u00f1os en la comuna, vecinos y autoridades se movilizan para levantar nuevamente la ciudad. El municipio lanz\u00f3 una campa\u00f1a solidaria centrada en reunir materiales de construcci\u00f3n, ante la urgente necesidad de reparar viviendas y espacios p\u00fablicos.<\/p>\n\n\n\n<p>Desde el centro de acopio instalado en el Gimnasio Fiscal, se detall\u00f3 que los elementos m\u00e1s solicitados son vigas 2&#215;3, planchas de zinc, OSB, clavos de techo con goma, rollos de polietileno y papel fieltro.<\/p>\n\n\n\n<p>Si bien las donaciones de alimentos no perecibles y art\u00edculos de aseo han sido bien recibidas, la prioridad ahora es contar con insumos que permitan comenzar las reparaciones, se se\u00f1al\u00f3 desde la coordinaci\u00f3n de la instancia.<\/p>\n\n\n\n<p>Adem\u00e1s se realizan trabajos de limpieza en la v\u00eda p\u00fablica para garantizar un pronto retorno a clases, por lo que se requiere m\u00e1s apoyo voluntario en el retiro de escombros.<\/p>\n\n\n\n<p>El centro de acopio funciona hasta las 18.00 horas para quienes deseen colaborar.<\/p>\n\n\n\n<p>\ud83d\udcf7 Ilustre Municipalidad de Puerto Varas &#8211; Facebook<\/p>\n","protected":false},"excerpt":{"rendered":"<p>Tras el in\u00e9dito tornado que azot\u00f3 a Puerto Varas y dej\u00f3 severos da\u00f1os en la comuna, vecinos y autoridades se movilizan para levantar nuevamente la ciudad. El municipio lanz\u00f3 una..<\/p>\n","protected":false},"author":2,"featured_media":10885,"comment_status":"closed","ping_status":"open","sticky":false,"template":"","format":"standard","meta":{"footnotes":""},"categories":[1,28,54],"tags":[],"class_list":["post-10884","post","type-post","status-publish","format-standard","has-post-thumbnail","hentry","category-acontecer","category-actual","category-lago-llanquihue"],"rttpg_featured_image_url":{"full":["https:\/\/elconquistadorredloslagos.cl\/test\/wp-content\/uploads\/2025\/05\/img-121.jpg",1920,1080,false],"landscape":["https:\/\/elconquistadorredloslagos.cl\/test\/wp-content\/uploads\/2025\/05\/img-121.jpg",1920,1080,false],"portraits":["https:\/\/elconquistadorredloslagos.cl\/test\/wp-content\/uploads\/2025\/05\/img-121.jpg",1920,1080,false],"thumbnail":["https:\/\/elconquistadorredloslagos.cl\/test\/wp-content\/uploads\/2025\/05\/img-121-150x150.jpg",150,150,true],"medium":["https:\/\/elconquistadorredloslagos.cl\/test\/wp-content\/uploads\/2025\/05\/img-121-300x169.jpg",300,169,true],"large":["https:\/\/elconquistadorredloslagos.cl\/test\/wp-content\/uploads\/2025\/05\/img-121-1024x576.jpg",1024,576,true],"1536x1536":["https:\/\/elconquistadorredloslagos.cl\/test\/wp-content\/uploads\/2025\/05\/img-121-1536x864.jpg",1536,864,true],"2048x2048":["https:\/\/elconquistadorredloslagos.cl\/test\/wp-content\/uploads\/2025\/05\/img-121.jpg",1920,1080,false]},"rttpg_author":{"display_name":"ccardenas","author_link":"https:\/\/elconquistadorredloslagos.cl\/test\/blog\/author\/ccardenas\/"},"rttpg_comment":0,"rttpg_category":"<a href=\"https:\/\/elconquistadorredloslagos.cl\/test\/blog\/category\/actual\/acontecer\/\" rel=\"category tag\">Acontecer<\/a> <a href=\"https:\/\/elconquistadorredloslagos.cl\/test\/blog\/category\/actual\/\" rel=\"category tag\">Actualidad<\/a> <a href=\"https:\/\/elconquistadorredloslagos.cl\/test\/blog\/category\/chile\/lago-llanquihue\/\" rel=\"category tag\">Lago LLanquihue<\/a>","rttpg_excerpt":"Tras el in\u00e9dito tornado que azot\u00f3 a Puerto Varas y dej\u00f3 severos da\u00f1os en la comuna, vecinos y autoridades se movilizan para levantar nuevamente la ciudad. El municipio lanz\u00f3 una..","_links":{"self":[{"href":"https:\/\/elconquistadorredloslagos.cl\/test\/wp-json\/wp\/v2\/posts\/10884","targetHints":{"allow":["GET"]}}],"collection":[{"href":"https:\/\/elconquistadorredloslagos.cl\/test\/wp-json\/wp\/v2\/posts"}],"about":[{"href":"https:\/\/elconquistadorredloslagos.cl\/test\/wp-json\/wp\/v2\/types\/post"}],"author":[{"embeddable":true,"href":"https:\/\/elconquistadorredloslagos.cl\/test\/wp-json\/wp\/v2\/users\/2"}],"replies":[{"embeddable":true,"href":"https:\/\/elconquistadorredloslagos.cl\/test\/wp-json\/wp\/v2\/comments?post=10884"}],"version-history":[{"count":1,"href":"https:\/\/elconquistadorredloslagos.cl\/test\/wp-json\/wp\/v2\/posts\/10884\/revisions"}],"predecessor-version":[{"id":10886,"href":"https:\/\/elconquistadorredloslagos.cl\/test\/wp-json\/wp\/v2\/posts\/10884\/revisions\/10886"}],"wp:featuredmedia":[{"embeddable":true,"href":"https:\/\/elconquistadorredloslagos.cl\/test\/wp-json\/wp\/v2\/media\/10885"}],"wp:attachment":[{"href":"https:\/\/elconquistadorredloslagos.cl\/test\/wp-json\/wp\/v2\/media?parent=10884"}],"wp:term":[{"taxonomy":"category","embeddable":true,"href":"https:\/\/elconquistadorredloslagos.cl\/test\/wp-json\/wp\/v2\/categories?post=10884"},{"taxonomy":"post_tag","embeddable":true,"href":"https:\/\/elconquistadorredloslagos.cl\/test\/wp-json\/wp\/v2\/tags?post=10884"}],"curies":[{"name":"wp","href":"https:\/\/api.w.org\/{rel}","templated":true}]}}