{"id":10881,"date":"2025-05-30T09:50:48","date_gmt":"2025-05-30T13:50:48","guid":{"rendered":"https:\/\/elconquistadorredloslagos.cl\/test\/?p=10881"},"modified":"2025-05-30T09:50:48","modified_gmt":"2025-05-30T13:50:48","slug":"puerto-varas-inicia-fase-de-reconstruccion-tras-el-paso-del-tornado","status":"publish","type":"post","link":"https:\/\/elconquistadorredloslagos.cl\/test\/blog\/2025\/05\/30\/puerto-varas-inicia-fase-de-reconstruccion-tras-el-paso-del-tornado\/","title":{"rendered":"Puerto Varas inicia fase de reconstrucci\u00f3n tras el paso del tornado"},"content":{"rendered":"\n<p>Con el cierre de la etapa de respuesta, Puerto Varas entra en una nueva fase: la reconstrucci\u00f3n. As\u00ed lo anunci\u00f3 el alcalde Tom\u00e1s G\u00e1rate tras la \u00faltima sesi\u00f3n del Comit\u00e9 de Gesti\u00f3n del Riesgo de Desastres (COGRID) realizada este jueves, cuatro d\u00edas despu\u00e9s del sorpresivo tornado que afect\u00f3 a la comuna lacustre.<\/p>\n\n\n\n<p>El fen\u00f3meno ocurrido el domingo 25 de mayo a las 15.15 horas, dej\u00f3 315 familias damnificadas y 110 emprendimientos que se vieron perjudicados. \u201cNo vamos a descansar hasta que todos puedan recuperar sus hogares y fuentes de ingreso\u201d, afirm\u00f3 el jefe comunal.<\/p>\n\n\n\n<p>Entre los avances, G\u00e1rate destac\u00f3 la reposici\u00f3n total de servicios b\u00e1sicos, la recuperaci\u00f3n de la conectividad y la reanudaci\u00f3n de clases. \u201cHemos superado la etapa cr\u00edtica. Ahora nos enfocamos en el proceso de reconstrucci\u00f3n\u201d, sostuvo.<\/p>\n\n\n\n<p>El catastro realizado por medio de la Ficha B\u00e1sica de Emergencia (FIBE) permiti\u00f3 identificar a 88 familias m\u00e1s afectadas, de las cuales 21 recibir\u00e1n viviendas de emergencia a partir del pr\u00f3ximo mi\u00e9rcoles. A ello se suma una evaluaci\u00f3n t\u00e9cnica en curso, del estado estructural de las casas da\u00f1adas.<\/p>\n\n\n\n<p>Finalmente, el alcalde inform\u00f3 que los pagos del Bono de Recuperaci\u00f3n iniciar\u00e1n hoy viernes, agradeciendo el respaldo de la comunidad y las instituciones que apoyaron durante la emergencia.<\/p>\n\n\n\n<p>\ud83d\udcf7 \u00a0@CarabLosLagos &#8211; X<\/p>\n","protected":false},"excerpt":{"rendered":"<p>Con el cierre de la etapa de respuesta, Puerto Varas entra en una nueva fase: la reconstrucci\u00f3n. As\u00ed lo anunci\u00f3 el alcalde Tom\u00e1s G\u00e1rate tras la \u00faltima sesi\u00f3n del Comit\u00e9..<\/p>\n","protected":false},"author":2,"featured_media":10882,"comment_status":"closed","ping_status":"open","sticky":false,"template":"","format":"standard","meta":{"footnotes":""},"categories":[1,28,54],"tags":[],"class_list":["post-10881","post","type-post","status-publish","format-standard","has-post-thumbnail","hentry","category-acontecer","category-actual","category-lago-llanquihue"],"rttpg_featured_image_url":{"full":["https:\/\/elconquistadorredloslagos.cl\/test\/wp-content\/uploads\/2025\/05\/img-120.jpg",1920,1080,false],"landscape":["https:\/\/elconquistadorredloslagos.cl\/test\/wp-content\/uploads\/2025\/05\/img-120.jpg",1920,1080,false],"portraits":["https:\/\/elconquistadorredloslagos.cl\/test\/wp-content\/uploads\/2025\/05\/img-120.jpg",1920,1080,false],"thumbnail":["https:\/\/elconquistadorredloslagos.cl\/test\/wp-content\/uploads\/2025\/05\/img-120-150x150.jpg",150,150,true],"medium":["https:\/\/elconquistadorredloslagos.cl\/test\/wp-content\/uploads\/2025\/05\/img-120-300x169.jpg",300,169,true],"large":["https:\/\/elconquistadorredloslagos.cl\/test\/wp-content\/uploads\/2025\/05\/img-120-1024x576.jpg",1024,576,true],"1536x1536":["https:\/\/elconquistadorredloslagos.cl\/test\/wp-content\/uploads\/2025\/05\/img-120-1536x864.jpg",1536,864,true],"2048x2048":["https:\/\/elconquistadorredloslagos.cl\/test\/wp-content\/uploads\/2025\/05\/img-120.jpg",1920,1080,false]},"rttpg_author":{"display_name":"ccardenas","author_link":"https:\/\/elconquistadorredloslagos.cl\/test\/blog\/author\/ccardenas\/"},"rttpg_comment":0,"rttpg_category":"<a href=\"https:\/\/elconquistadorredloslagos.cl\/test\/blog\/category\/actual\/acontecer\/\" rel=\"category tag\">Acontecer<\/a> <a href=\"https:\/\/elconquistadorredloslagos.cl\/test\/blog\/category\/actual\/\" rel=\"category tag\">Actualidad<\/a> <a href=\"https:\/\/elconquistadorredloslagos.cl\/test\/blog\/category\/chile\/lago-llanquihue\/\" rel=\"category tag\">Lago LLanquihue<\/a>","rttpg_excerpt":"Con el cierre de la etapa de respuesta, Puerto Varas entra en una nueva fase: la reconstrucci\u00f3n. As\u00ed lo anunci\u00f3 el alcalde Tom\u00e1s G\u00e1rate tras la \u00faltima sesi\u00f3n del Comit\u00e9..","_links":{"self":[{"href":"https:\/\/elconquistadorredloslagos.cl\/test\/wp-json\/wp\/v2\/posts\/10881","targetHints":{"allow":["GET"]}}],"collection":[{"href":"https:\/\/elconquistadorredloslagos.cl\/test\/wp-json\/wp\/v2\/posts"}],"about":[{"href":"https:\/\/elconquistadorredloslagos.cl\/test\/wp-json\/wp\/v2\/types\/post"}],"author":[{"embeddable":true,"href":"https:\/\/elconquistadorredloslagos.cl\/test\/wp-json\/wp\/v2\/users\/2"}],"replies":[{"embeddable":true,"href":"https:\/\/elconquistadorredloslagos.cl\/test\/wp-json\/wp\/v2\/comments?post=10881"}],"version-history":[{"count":1,"href":"https:\/\/elconquistadorredloslagos.cl\/test\/wp-json\/wp\/v2\/posts\/10881\/revisions"}],"predecessor-version":[{"id":10883,"href":"https:\/\/elconquistadorredloslagos.cl\/test\/wp-json\/wp\/v2\/posts\/10881\/revisions\/10883"}],"wp:featuredmedia":[{"embeddable":true,"href":"https:\/\/elconquistadorredloslagos.cl\/test\/wp-json\/wp\/v2\/media\/10882"}],"wp:attachment":[{"href":"https:\/\/elconquistadorredloslagos.cl\/test\/wp-json\/wp\/v2\/media?parent=10881"}],"wp:term":[{"taxonomy":"category","embeddable":true,"href":"https:\/\/elconquistadorredloslagos.cl\/test\/wp-json\/wp\/v2\/categories?post=10881"},{"taxonomy":"post_tag","embeddable":true,"href":"https:\/\/elconquistadorredloslagos.cl\/test\/wp-json\/wp\/v2\/tags?post=10881"}],"curies":[{"name":"wp","href":"https:\/\/api.w.org\/{rel}","templated":true}]}}