{"id":10878,"date":"2025-05-29T18:31:47","date_gmt":"2025-05-29T22:31:47","guid":{"rendered":"https:\/\/elconquistadorredloslagos.cl\/test\/?p=10878"},"modified":"2025-05-29T18:31:48","modified_gmt":"2025-05-29T22:31:48","slug":"carabinero-resulta-herido-tras-brutal-ataque-con-hacha-en-operativo-por-violencia-intrafamiliar-en-puerto-varas","status":"publish","type":"post","link":"https:\/\/elconquistadorredloslagos.cl\/test\/blog\/2025\/05\/29\/carabinero-resulta-herido-tras-brutal-ataque-con-hacha-en-operativo-por-violencia-intrafamiliar-en-puerto-varas\/","title":{"rendered":"Carabinero resulta herido tras brutal ataque con hacha en operativo por violencia intrafamiliar en Puerto Varas"},"content":{"rendered":"\n<p>Un efectivo de Carabineros result\u00f3 con una fractura grave en uno de sus brazos, luego de ser atacado con un hacha durante un procedimiento por violencia intrafamiliar en Puerto Varas.<\/p>\n\n\n\n<p>El hecho se registr\u00f3 la noche del martes 27 de mayo, alrededor de las 20.45 horas, en el sector de Poblaci\u00f3n Municipal, cuando efectivos policiales acudieron al llamado de emergencia por una ri\u00f1a entre hermanos.<\/p>\n\n\n\n<p>Seg\u00fan inform\u00f3 el general Jorge Valdivia, jefe de zona Los Lagos, el ataque ocurri\u00f3 al momento de concretarse la detenci\u00f3n en flagrancia de uno de los involucrados, quien reaccion\u00f3 de manera violenta ante la presencia policial.<\/p>\n\n\n\n<p>\u201cEl sujeto agredi\u00f3 a uno de nuestros motoristas con un hacha, caus\u00e1ndole una fractura grave en el brazo\u201d, detall\u00f3 Valdivia, calificando el hecho como un acto de extrema gravedad.<\/p>\n\n\n\n<p>El funcionario herido fue trasladado a un centro asistencial y se investiga la responsabilidad penal del agresor.<\/p>\n\n\n\n<p>\ud83d\udcf7 Redes sociales<\/p>\n","protected":false},"excerpt":{"rendered":"<p>Un efectivo de Carabineros result\u00f3 con una fractura grave en uno de sus brazos, luego de ser atacado con un hacha durante un procedimiento por violencia intrafamiliar en Puerto Varas&#8230;<\/p>\n","protected":false},"author":2,"featured_media":10879,"comment_status":"closed","ping_status":"open","sticky":false,"template":"","format":"standard","meta":{"footnotes":""},"categories":[1,28,54],"tags":[],"class_list":["post-10878","post","type-post","status-publish","format-standard","has-post-thumbnail","hentry","category-acontecer","category-actual","category-lago-llanquihue"],"rttpg_featured_image_url":{"full":["https:\/\/elconquistadorredloslagos.cl\/test\/wp-content\/uploads\/2025\/05\/Diseno-sin-titulo-1-1.jpg",1920,1080,false],"landscape":["https:\/\/elconquistadorredloslagos.cl\/test\/wp-content\/uploads\/2025\/05\/Diseno-sin-titulo-1-1.jpg",1920,1080,false],"portraits":["https:\/\/elconquistadorredloslagos.cl\/test\/wp-content\/uploads\/2025\/05\/Diseno-sin-titulo-1-1.jpg",1920,1080,false],"thumbnail":["https:\/\/elconquistadorredloslagos.cl\/test\/wp-content\/uploads\/2025\/05\/Diseno-sin-titulo-1-1-150x150.jpg",150,150,true],"medium":["https:\/\/elconquistadorredloslagos.cl\/test\/wp-content\/uploads\/2025\/05\/Diseno-sin-titulo-1-1-300x169.jpg",300,169,true],"large":["https:\/\/elconquistadorredloslagos.cl\/test\/wp-content\/uploads\/2025\/05\/Diseno-sin-titulo-1-1-1024x576.jpg",1024,576,true],"1536x1536":["https:\/\/elconquistadorredloslagos.cl\/test\/wp-content\/uploads\/2025\/05\/Diseno-sin-titulo-1-1-1536x864.jpg",1536,864,true],"2048x2048":["https:\/\/elconquistadorredloslagos.cl\/test\/wp-content\/uploads\/2025\/05\/Diseno-sin-titulo-1-1.jpg",1920,1080,false]},"rttpg_author":{"display_name":"ccardenas","author_link":"https:\/\/elconquistadorredloslagos.cl\/test\/blog\/author\/ccardenas\/"},"rttpg_comment":0,"rttpg_category":"<a href=\"https:\/\/elconquistadorredloslagos.cl\/test\/blog\/category\/actual\/acontecer\/\" rel=\"category tag\">Acontecer<\/a> <a href=\"https:\/\/elconquistadorredloslagos.cl\/test\/blog\/category\/actual\/\" rel=\"category tag\">Actualidad<\/a> <a href=\"https:\/\/elconquistadorredloslagos.cl\/test\/blog\/category\/chile\/lago-llanquihue\/\" rel=\"category tag\">Lago LLanquihue<\/a>","rttpg_excerpt":"Un efectivo de Carabineros result\u00f3 con una fractura grave en uno de sus brazos, luego de ser atacado con un hacha durante un procedimiento por violencia intrafamiliar en Puerto Varas...","_links":{"self":[{"href":"https:\/\/elconquistadorredloslagos.cl\/test\/wp-json\/wp\/v2\/posts\/10878","targetHints":{"allow":["GET"]}}],"collection":[{"href":"https:\/\/elconquistadorredloslagos.cl\/test\/wp-json\/wp\/v2\/posts"}],"about":[{"href":"https:\/\/elconquistadorredloslagos.cl\/test\/wp-json\/wp\/v2\/types\/post"}],"author":[{"embeddable":true,"href":"https:\/\/elconquistadorredloslagos.cl\/test\/wp-json\/wp\/v2\/users\/2"}],"replies":[{"embeddable":true,"href":"https:\/\/elconquistadorredloslagos.cl\/test\/wp-json\/wp\/v2\/comments?post=10878"}],"version-history":[{"count":1,"href":"https:\/\/elconquistadorredloslagos.cl\/test\/wp-json\/wp\/v2\/posts\/10878\/revisions"}],"predecessor-version":[{"id":10880,"href":"https:\/\/elconquistadorredloslagos.cl\/test\/wp-json\/wp\/v2\/posts\/10878\/revisions\/10880"}],"wp:featuredmedia":[{"embeddable":true,"href":"https:\/\/elconquistadorredloslagos.cl\/test\/wp-json\/wp\/v2\/media\/10879"}],"wp:attachment":[{"href":"https:\/\/elconquistadorredloslagos.cl\/test\/wp-json\/wp\/v2\/media?parent=10878"}],"wp:term":[{"taxonomy":"category","embeddable":true,"href":"https:\/\/elconquistadorredloslagos.cl\/test\/wp-json\/wp\/v2\/categories?post=10878"},{"taxonomy":"post_tag","embeddable":true,"href":"https:\/\/elconquistadorredloslagos.cl\/test\/wp-json\/wp\/v2\/tags?post=10878"}],"curies":[{"name":"wp","href":"https:\/\/api.w.org\/{rel}","templated":true}]}}