{"id":10875,"date":"2025-05-29T18:24:15","date_gmt":"2025-05-29T22:24:15","guid":{"rendered":"https:\/\/elconquistadorredloslagos.cl\/test\/?p=10875"},"modified":"2025-05-29T18:24:16","modified_gmt":"2025-05-29T22:24:16","slug":"conaf-apoyara-arborizacion-intercultural-en-osorno","status":"publish","type":"post","link":"https:\/\/elconquistadorredloslagos.cl\/test\/blog\/2025\/05\/29\/conaf-apoyara-arborizacion-intercultural-en-osorno\/","title":{"rendered":"CONAF apoyar\u00e1 arborizaci\u00f3n intercultural en Osorno"},"content":{"rendered":"\n<p>Un convenio entre la Corporaci\u00f3n Nacional Forestal (CONAF) Los Lagos y el Servicio de Salud de Osorno permitir\u00e1 plantar especies nativas en los hospitales interculturales Pu M\u00fclen, en Quilacahu\u00edn (San Pablo), y Futa Sruka Kunko Mapu Mo, en San Juan de la Costa.<\/p>\n\n\n\n<p>El proyecto enmarcado en una iniciativa de arborizaci\u00f3n comunitaria, busca revitalizar los entornos naturales de estos centros de salud, integrando elementos culturales y espirituales de los pueblos originarios, en colaboraci\u00f3n con la Unidad de Pueblos Originarios del Servicio de Salud.<\/p>\n\n\n\n<p>\u201cEste acuerdo es clave para apoyar la arborizaci\u00f3n intercultural. Aportaremos con especies y materiales que embellecer\u00e1n el entorno, mejorando el paisajismo de estos hospitales\u201d, se\u00f1al\u00f3 Miguel Leiva Fa\u00fandez, director regional de CONAF.<\/p>\n\n\n\n<p>Rodrigo Alarc\u00f3n, director del Servicio de Salud, destac\u00f3 que esta intervenci\u00f3n tambi\u00e9n recupera el ecosistema original: \u201cTendr\u00e1 un impacto positivo en el bienestar, generando espacios m\u00e1s frescos y seguros, como lo han pedido nuestros vecinos y usuarios\u201d.<\/p>\n\n\n\n<p>La iniciativa incluye diagn\u00f3stico de terreno, instalaci\u00f3n de cercos y capacitaci\u00f3n para el cuidado de las plantas, con participaci\u00f3n comunitaria y de socios estrat\u00e9gicos.<\/p>\n\n\n\n<p>\ud83d\udcf7 www.conaf.cl<\/p>\n","protected":false},"excerpt":{"rendered":"<p>Un convenio entre la Corporaci\u00f3n Nacional Forestal (CONAF) Los Lagos y el Servicio de Salud de Osorno permitir\u00e1 plantar especies nativas en los hospitales interculturales Pu M\u00fclen, en Quilacahu\u00edn (San..<\/p>\n","protected":false},"author":2,"featured_media":10876,"comment_status":"closed","ping_status":"open","sticky":false,"template":"","format":"standard","meta":{"footnotes":""},"categories":[1,28,55],"tags":[],"class_list":["post-10875","post","type-post","status-publish","format-standard","has-post-thumbnail","hentry","category-acontecer","category-actual","category-osorno"],"rttpg_featured_image_url":{"full":["https:\/\/elconquistadorredloslagos.cl\/test\/wp-content\/uploads\/2025\/05\/img-119.jpg",1920,1080,false],"landscape":["https:\/\/elconquistadorredloslagos.cl\/test\/wp-content\/uploads\/2025\/05\/img-119.jpg",1920,1080,false],"portraits":["https:\/\/elconquistadorredloslagos.cl\/test\/wp-content\/uploads\/2025\/05\/img-119.jpg",1920,1080,false],"thumbnail":["https:\/\/elconquistadorredloslagos.cl\/test\/wp-content\/uploads\/2025\/05\/img-119-150x150.jpg",150,150,true],"medium":["https:\/\/elconquistadorredloslagos.cl\/test\/wp-content\/uploads\/2025\/05\/img-119-300x169.jpg",300,169,true],"large":["https:\/\/elconquistadorredloslagos.cl\/test\/wp-content\/uploads\/2025\/05\/img-119-1024x576.jpg",1024,576,true],"1536x1536":["https:\/\/elconquistadorredloslagos.cl\/test\/wp-content\/uploads\/2025\/05\/img-119-1536x864.jpg",1536,864,true],"2048x2048":["https:\/\/elconquistadorredloslagos.cl\/test\/wp-content\/uploads\/2025\/05\/img-119.jpg",1920,1080,false]},"rttpg_author":{"display_name":"ccardenas","author_link":"https:\/\/elconquistadorredloslagos.cl\/test\/blog\/author\/ccardenas\/"},"rttpg_comment":0,"rttpg_category":"<a href=\"https:\/\/elconquistadorredloslagos.cl\/test\/blog\/category\/actual\/acontecer\/\" rel=\"category tag\">Acontecer<\/a> <a href=\"https:\/\/elconquistadorredloslagos.cl\/test\/blog\/category\/actual\/\" rel=\"category tag\">Actualidad<\/a> <a href=\"https:\/\/elconquistadorredloslagos.cl\/test\/blog\/category\/chile\/osorno\/\" rel=\"category tag\">Osorno<\/a>","rttpg_excerpt":"Un convenio entre la Corporaci\u00f3n Nacional Forestal (CONAF) Los Lagos y el Servicio de Salud de Osorno permitir\u00e1 plantar especies nativas en los hospitales interculturales Pu M\u00fclen, en Quilacahu\u00edn (San..","_links":{"self":[{"href":"https:\/\/elconquistadorredloslagos.cl\/test\/wp-json\/wp\/v2\/posts\/10875","targetHints":{"allow":["GET"]}}],"collection":[{"href":"https:\/\/elconquistadorredloslagos.cl\/test\/wp-json\/wp\/v2\/posts"}],"about":[{"href":"https:\/\/elconquistadorredloslagos.cl\/test\/wp-json\/wp\/v2\/types\/post"}],"author":[{"embeddable":true,"href":"https:\/\/elconquistadorredloslagos.cl\/test\/wp-json\/wp\/v2\/users\/2"}],"replies":[{"embeddable":true,"href":"https:\/\/elconquistadorredloslagos.cl\/test\/wp-json\/wp\/v2\/comments?post=10875"}],"version-history":[{"count":1,"href":"https:\/\/elconquistadorredloslagos.cl\/test\/wp-json\/wp\/v2\/posts\/10875\/revisions"}],"predecessor-version":[{"id":10877,"href":"https:\/\/elconquistadorredloslagos.cl\/test\/wp-json\/wp\/v2\/posts\/10875\/revisions\/10877"}],"wp:featuredmedia":[{"embeddable":true,"href":"https:\/\/elconquistadorredloslagos.cl\/test\/wp-json\/wp\/v2\/media\/10876"}],"wp:attachment":[{"href":"https:\/\/elconquistadorredloslagos.cl\/test\/wp-json\/wp\/v2\/media?parent=10875"}],"wp:term":[{"taxonomy":"category","embeddable":true,"href":"https:\/\/elconquistadorredloslagos.cl\/test\/wp-json\/wp\/v2\/categories?post=10875"},{"taxonomy":"post_tag","embeddable":true,"href":"https:\/\/elconquistadorredloslagos.cl\/test\/wp-json\/wp\/v2\/tags?post=10875"}],"curies":[{"name":"wp","href":"https:\/\/api.w.org\/{rel}","templated":true}]}}