{"id":10871,"date":"2025-05-29T18:16:36","date_gmt":"2025-05-29T22:16:36","guid":{"rendered":"https:\/\/elconquistadorredloslagos.cl\/test\/?p=10871"},"modified":"2025-05-29T18:16:37","modified_gmt":"2025-05-29T22:16:37","slug":"operativo-de-la-pdi-en-quellon-deja-al-descubierto-irregularidades-migratorias-comunidad-solicita-el-retorno-de-la-policia-civil-a-la-comuna-del-puerto","status":"publish","type":"post","link":"https:\/\/elconquistadorredloslagos.cl\/test\/blog\/2025\/05\/29\/operativo-de-la-pdi-en-quellon-deja-al-descubierto-irregularidades-migratorias-comunidad-solicita-el-retorno-de-la-policia-civil-a-la-comuna-del-puerto\/","title":{"rendered":"Operativo de la PDI en Quell\u00f3n deja al descubierto irregularidades migratorias. Comunidad solicita el retorno de la polic\u00eda civil a la comuna del puerto"},"content":{"rendered":"\n<p>Cinco personas en situaci\u00f3n migratoria irregular fueron detectadas durante un amplio operativo de fiscalizaci\u00f3n realizado por la Polic\u00eda de Investigaciones (PDI) en Quell\u00f3n. La acci\u00f3n, que incluy\u00f3 la revisi\u00f3n de 53 personas, respondi\u00f3 a las reiteradas demandas de la comunidad por mayor presencia policial en la zona sur de la isla.<\/p>\n\n\n\n<p>El prefecto Paulo Moncada, jefe de la Prefectura Chilo\u00e9 de la PDI, detall\u00f3 que la intervenci\u00f3n surge ante la ausencia de funcionarios en Quell\u00f3n desde 2022, cuando fue retirada la avanzada policial instalada originalmente en 2011.<\/p>\n\n\n\n<figure class=\"wp-block-audio\"><audio controls src=\"https:\/\/elconquistadorredloslagos.cl\/test\/wp-content\/uploads\/2025\/05\/CUNA-PDI-QUELLON.mp3\"><\/audio><\/figure>\n\n\n\n<p>La falta de personal de la PDI ha sido motivo de preocupaci\u00f3n constante entre las organizaciones sociales de la comuna, tanto urbana como rural, que insisten en la necesidad de restablecer la unidad para enfrentar el creciente clima de inseguridad. Seg\u00fan los dirigentes, la presencia policial permitir\u00eda fortalecer la prevenci\u00f3n del delito y mejorar las capacidades investigativas locales. El reciente operativo ha reabierto el debate sobre el retorno permanente de la PDI a Quell\u00f3n.<\/p>\n\n\n\n<p>\ud83d\udcf7 @PDI_CHILE &#8211; X<\/p>\n","protected":false},"excerpt":{"rendered":"<p>Cinco personas en situaci\u00f3n migratoria irregular fueron detectadas durante un amplio operativo de fiscalizaci\u00f3n realizado por la Polic\u00eda de Investigaciones (PDI) en Quell\u00f3n. La acci\u00f3n, que incluy\u00f3 la revisi\u00f3n de..<\/p>\n","protected":false},"author":2,"featured_media":10873,"comment_status":"closed","ping_status":"open","sticky":false,"template":"","format":"standard","meta":{"footnotes":""},"categories":[1,28,51],"tags":[],"class_list":["post-10871","post","type-post","status-publish","format-standard","has-post-thumbnail","hentry","category-acontecer","category-actual","category-chiloe"],"rttpg_featured_image_url":{"full":["https:\/\/elconquistadorredloslagos.cl\/test\/wp-content\/uploads\/2025\/05\/img-118.jpg",1920,1080,false],"landscape":["https:\/\/elconquistadorredloslagos.cl\/test\/wp-content\/uploads\/2025\/05\/img-118.jpg",1920,1080,false],"portraits":["https:\/\/elconquistadorredloslagos.cl\/test\/wp-content\/uploads\/2025\/05\/img-118.jpg",1920,1080,false],"thumbnail":["https:\/\/elconquistadorredloslagos.cl\/test\/wp-content\/uploads\/2025\/05\/img-118-150x150.jpg",150,150,true],"medium":["https:\/\/elconquistadorredloslagos.cl\/test\/wp-content\/uploads\/2025\/05\/img-118-300x169.jpg",300,169,true],"large":["https:\/\/elconquistadorredloslagos.cl\/test\/wp-content\/uploads\/2025\/05\/img-118-1024x576.jpg",1024,576,true],"1536x1536":["https:\/\/elconquistadorredloslagos.cl\/test\/wp-content\/uploads\/2025\/05\/img-118-1536x864.jpg",1536,864,true],"2048x2048":["https:\/\/elconquistadorredloslagos.cl\/test\/wp-content\/uploads\/2025\/05\/img-118.jpg",1920,1080,false]},"rttpg_author":{"display_name":"ccardenas","author_link":"https:\/\/elconquistadorredloslagos.cl\/test\/blog\/author\/ccardenas\/"},"rttpg_comment":0,"rttpg_category":"<a href=\"https:\/\/elconquistadorredloslagos.cl\/test\/blog\/category\/actual\/acontecer\/\" rel=\"category tag\">Acontecer<\/a> <a href=\"https:\/\/elconquistadorredloslagos.cl\/test\/blog\/category\/actual\/\" rel=\"category tag\">Actualidad<\/a> <a href=\"https:\/\/elconquistadorredloslagos.cl\/test\/blog\/category\/chile\/chiloe\/\" rel=\"category tag\">Chilo\u00e9<\/a>","rttpg_excerpt":"Cinco personas en situaci\u00f3n migratoria irregular fueron detectadas durante un amplio operativo de fiscalizaci\u00f3n realizado por la Polic\u00eda de Investigaciones (PDI) en Quell\u00f3n. La acci\u00f3n, que incluy\u00f3 la revisi\u00f3n de..","_links":{"self":[{"href":"https:\/\/elconquistadorredloslagos.cl\/test\/wp-json\/wp\/v2\/posts\/10871","targetHints":{"allow":["GET"]}}],"collection":[{"href":"https:\/\/elconquistadorredloslagos.cl\/test\/wp-json\/wp\/v2\/posts"}],"about":[{"href":"https:\/\/elconquistadorredloslagos.cl\/test\/wp-json\/wp\/v2\/types\/post"}],"author":[{"embeddable":true,"href":"https:\/\/elconquistadorredloslagos.cl\/test\/wp-json\/wp\/v2\/users\/2"}],"replies":[{"embeddable":true,"href":"https:\/\/elconquistadorredloslagos.cl\/test\/wp-json\/wp\/v2\/comments?post=10871"}],"version-history":[{"count":1,"href":"https:\/\/elconquistadorredloslagos.cl\/test\/wp-json\/wp\/v2\/posts\/10871\/revisions"}],"predecessor-version":[{"id":10874,"href":"https:\/\/elconquistadorredloslagos.cl\/test\/wp-json\/wp\/v2\/posts\/10871\/revisions\/10874"}],"wp:featuredmedia":[{"embeddable":true,"href":"https:\/\/elconquistadorredloslagos.cl\/test\/wp-json\/wp\/v2\/media\/10873"}],"wp:attachment":[{"href":"https:\/\/elconquistadorredloslagos.cl\/test\/wp-json\/wp\/v2\/media?parent=10871"}],"wp:term":[{"taxonomy":"category","embeddable":true,"href":"https:\/\/elconquistadorredloslagos.cl\/test\/wp-json\/wp\/v2\/categories?post=10871"},{"taxonomy":"post_tag","embeddable":true,"href":"https:\/\/elconquistadorredloslagos.cl\/test\/wp-json\/wp\/v2\/tags?post=10871"}],"curies":[{"name":"wp","href":"https:\/\/api.w.org\/{rel}","templated":true}]}}