{"id":10866,"date":"2025-05-29T17:54:01","date_gmt":"2025-05-29T21:54:01","guid":{"rendered":"https:\/\/elconquistadorredloslagos.cl\/test\/?p=10866"},"modified":"2025-05-29T17:54:02","modified_gmt":"2025-05-29T21:54:02","slug":"dos-accidentes-paralizaron-el-transito-en-chiloe","status":"publish","type":"post","link":"https:\/\/elconquistadorredloslagos.cl\/test\/blog\/2025\/05\/29\/dos-accidentes-paralizaron-el-transito-en-chiloe\/","title":{"rendered":"Dos accidentes paralizaron el tr\u00e1nsito en Chilo\u00e9"},"content":{"rendered":"\n<p>Una colisi\u00f3n por alcance entre dos camiones de carga interrumpi\u00f3 por varias horas el tr\u00e1nsito en la Ruta 5 entre Ancud y Castro, durante la madrugada de este jueves. El hecho ocurri\u00f3 cerca de las 02.30 horas en el kil\u00f3metro 1.125, cuando ambos veh\u00edculos circulaban en direcci\u00f3n norte-sur. Uno de los conductores qued\u00f3 atrapado en la cabina siendo rescatado por Bomberos y trasladado consciente al Hospital de Ancud, sin riesgo vital. El otro chofer result\u00f3 ileso.<\/p>\n\n\n\n<p>Seg\u00fan inform\u00f3 Carabineros de la Tenencia de Carreteras Chilo\u00e9, ambos transportistas ten\u00edan su documentaci\u00f3n en regla y los test de alcoholemia arrojaron resultados negativos. La Fiscal\u00eda orden\u00f3 la presencia de personal de la Secci\u00f3n de Investigaci\u00f3n de Accidentes de Tr\u00e1nsito (SIAT) para investigar las causas de la emergencia, mientras que los implicados quedaron bajo apercibimiento del Art\u00edculo 26 (ser\u00e1n citados a declarar ante el tribunal correspondiente).<\/p>\n\n\n\n<p>Horas m\u00e1s tarde, en la comuna de Chonchi sector Quitripulli, se registr\u00f3 un segundo accidente: dos veh\u00edculos colisionaron presuntamente de forma frontal, dejando un lesionado. Al lugar acudieron unidades de emergencia, Bomberos, personal del Cesfam local y Carabineros.<\/p>\n\n\n\n<p>\ud83d\udcf7 Redes sociales<\/p>\n","protected":false},"excerpt":{"rendered":"<p>Una colisi\u00f3n por alcance entre dos camiones de carga interrumpi\u00f3 por varias horas el tr\u00e1nsito en la Ruta 5 entre Ancud y Castro, durante la madrugada de este jueves. El..<\/p>\n","protected":false},"author":2,"featured_media":10868,"comment_status":"closed","ping_status":"open","sticky":false,"template":"","format":"standard","meta":{"footnotes":""},"categories":[1,28,51],"tags":[],"class_list":["post-10866","post","type-post","status-publish","format-standard","has-post-thumbnail","hentry","category-acontecer","category-actual","category-chiloe"],"rttpg_featured_image_url":{"full":["https:\/\/elconquistadorredloslagos.cl\/test\/wp-content\/uploads\/2025\/05\/Diseno-sin-titulo-16.jpg",1920,1080,false],"landscape":["https:\/\/elconquistadorredloslagos.cl\/test\/wp-content\/uploads\/2025\/05\/Diseno-sin-titulo-16.jpg",1920,1080,false],"portraits":["https:\/\/elconquistadorredloslagos.cl\/test\/wp-content\/uploads\/2025\/05\/Diseno-sin-titulo-16.jpg",1920,1080,false],"thumbnail":["https:\/\/elconquistadorredloslagos.cl\/test\/wp-content\/uploads\/2025\/05\/Diseno-sin-titulo-16-150x150.jpg",150,150,true],"medium":["https:\/\/elconquistadorredloslagos.cl\/test\/wp-content\/uploads\/2025\/05\/Diseno-sin-titulo-16-300x169.jpg",300,169,true],"large":["https:\/\/elconquistadorredloslagos.cl\/test\/wp-content\/uploads\/2025\/05\/Diseno-sin-titulo-16-1024x576.jpg",1024,576,true],"1536x1536":["https:\/\/elconquistadorredloslagos.cl\/test\/wp-content\/uploads\/2025\/05\/Diseno-sin-titulo-16-1536x864.jpg",1536,864,true],"2048x2048":["https:\/\/elconquistadorredloslagos.cl\/test\/wp-content\/uploads\/2025\/05\/Diseno-sin-titulo-16.jpg",1920,1080,false]},"rttpg_author":{"display_name":"ccardenas","author_link":"https:\/\/elconquistadorredloslagos.cl\/test\/blog\/author\/ccardenas\/"},"rttpg_comment":0,"rttpg_category":"<a href=\"https:\/\/elconquistadorredloslagos.cl\/test\/blog\/category\/actual\/acontecer\/\" rel=\"category tag\">Acontecer<\/a> <a href=\"https:\/\/elconquistadorredloslagos.cl\/test\/blog\/category\/actual\/\" rel=\"category tag\">Actualidad<\/a> <a href=\"https:\/\/elconquistadorredloslagos.cl\/test\/blog\/category\/chile\/chiloe\/\" rel=\"category tag\">Chilo\u00e9<\/a>","rttpg_excerpt":"Una colisi\u00f3n por alcance entre dos camiones de carga interrumpi\u00f3 por varias horas el tr\u00e1nsito en la Ruta 5 entre Ancud y Castro, durante la madrugada de este jueves. El..","_links":{"self":[{"href":"https:\/\/elconquistadorredloslagos.cl\/test\/wp-json\/wp\/v2\/posts\/10866","targetHints":{"allow":["GET"]}}],"collection":[{"href":"https:\/\/elconquistadorredloslagos.cl\/test\/wp-json\/wp\/v2\/posts"}],"about":[{"href":"https:\/\/elconquistadorredloslagos.cl\/test\/wp-json\/wp\/v2\/types\/post"}],"author":[{"embeddable":true,"href":"https:\/\/elconquistadorredloslagos.cl\/test\/wp-json\/wp\/v2\/users\/2"}],"replies":[{"embeddable":true,"href":"https:\/\/elconquistadorredloslagos.cl\/test\/wp-json\/wp\/v2\/comments?post=10866"}],"version-history":[{"count":1,"href":"https:\/\/elconquistadorredloslagos.cl\/test\/wp-json\/wp\/v2\/posts\/10866\/revisions"}],"predecessor-version":[{"id":10869,"href":"https:\/\/elconquistadorredloslagos.cl\/test\/wp-json\/wp\/v2\/posts\/10866\/revisions\/10869"}],"wp:featuredmedia":[{"embeddable":true,"href":"https:\/\/elconquistadorredloslagos.cl\/test\/wp-json\/wp\/v2\/media\/10868"}],"wp:attachment":[{"href":"https:\/\/elconquistadorredloslagos.cl\/test\/wp-json\/wp\/v2\/media?parent=10866"}],"wp:term":[{"taxonomy":"category","embeddable":true,"href":"https:\/\/elconquistadorredloslagos.cl\/test\/wp-json\/wp\/v2\/categories?post=10866"},{"taxonomy":"post_tag","embeddable":true,"href":"https:\/\/elconquistadorredloslagos.cl\/test\/wp-json\/wp\/v2\/tags?post=10866"}],"curies":[{"name":"wp","href":"https:\/\/api.w.org\/{rel}","templated":true}]}}