{"id":10863,"date":"2025-05-29T17:19:53","date_gmt":"2025-05-29T21:19:53","guid":{"rendered":"https:\/\/elconquistadorredloslagos.cl\/test\/?p=10863"},"modified":"2025-05-29T17:19:54","modified_gmt":"2025-05-29T21:19:54","slug":"sorprendente-pescadores-artesanales-de-ancud-capturan-enorme-atun-de-68-kilos","status":"publish","type":"post","link":"https:\/\/elconquistadorredloslagos.cl\/test\/blog\/2025\/05\/29\/sorprendente-pescadores-artesanales-de-ancud-capturan-enorme-atun-de-68-kilos\/","title":{"rendered":"\u201cSorprendente\u201d: pescadores artesanales de Ancud capturan enorme at\u00fan de 68 kilos"},"content":{"rendered":"\n<p>Una inesperada y sorprendente faena vivieron pescadores artesanales del sector Pupelde en Ancud, al capturar un at\u00fan de gran tama\u00f1o que se ha convertido en el centro de atenci\u00f3n en la comunidad.<\/p>\n\n\n\n<p>El ejemplar que alcanz\u00f3 los 68 kilos de peso, ha sido calificado como el m\u00e1s grande registrado por los hombres de mar de la zona, quienes est\u00e1n habituados a labores cotidianas con especies de menor envergadura. La magnitud del pez no solo llam\u00f3 la atenci\u00f3n por su peso, sino tambi\u00e9n por lo inusual que resulta encontrar un at\u00fan de estas caracter\u00edsticas en estas aguas.<\/p>\n\n\n\n<p>La imagen del colosal pez se ha difundido r\u00e1pidamente en redes sociales, generando admiraci\u00f3n y comentarios sobre la posibilidad de que se est\u00e9n registrando cambios en las rutas marinas de algunas especies.<\/p>\n\n\n\n<p>El hallazgo ha despertado curiosidad entre expertos y habitantes, quienes no descartan que este tipo de capturas puedan repetirse en el futuro, marcando un hito para la pesca en Chilo\u00e9.<\/p>\n\n\n\n<p>\ud83d\udcf7 Redes sociales<\/p>\n","protected":false},"excerpt":{"rendered":"<p>Una inesperada y sorprendente faena vivieron pescadores artesanales del sector Pupelde en Ancud, al capturar un at\u00fan de gran tama\u00f1o que se ha convertido en el centro de atenci\u00f3n en..<\/p>\n","protected":false},"author":2,"featured_media":10864,"comment_status":"closed","ping_status":"open","sticky":false,"template":"","format":"standard","meta":{"footnotes":""},"categories":[1,28,51],"tags":[],"class_list":["post-10863","post","type-post","status-publish","format-standard","has-post-thumbnail","hentry","category-acontecer","category-actual","category-chiloe"],"rttpg_featured_image_url":{"full":["https:\/\/elconquistadorredloslagos.cl\/test\/wp-content\/uploads\/2025\/05\/Atun.jpg",1920,1080,false],"landscape":["https:\/\/elconquistadorredloslagos.cl\/test\/wp-content\/uploads\/2025\/05\/Atun.jpg",1920,1080,false],"portraits":["https:\/\/elconquistadorredloslagos.cl\/test\/wp-content\/uploads\/2025\/05\/Atun.jpg",1920,1080,false],"thumbnail":["https:\/\/elconquistadorredloslagos.cl\/test\/wp-content\/uploads\/2025\/05\/Atun-150x150.jpg",150,150,true],"medium":["https:\/\/elconquistadorredloslagos.cl\/test\/wp-content\/uploads\/2025\/05\/Atun-300x169.jpg",300,169,true],"large":["https:\/\/elconquistadorredloslagos.cl\/test\/wp-content\/uploads\/2025\/05\/Atun-1024x576.jpg",1024,576,true],"1536x1536":["https:\/\/elconquistadorredloslagos.cl\/test\/wp-content\/uploads\/2025\/05\/Atun-1536x864.jpg",1536,864,true],"2048x2048":["https:\/\/elconquistadorredloslagos.cl\/test\/wp-content\/uploads\/2025\/05\/Atun.jpg",1920,1080,false]},"rttpg_author":{"display_name":"ccardenas","author_link":"https:\/\/elconquistadorredloslagos.cl\/test\/blog\/author\/ccardenas\/"},"rttpg_comment":0,"rttpg_category":"<a href=\"https:\/\/elconquistadorredloslagos.cl\/test\/blog\/category\/actual\/acontecer\/\" rel=\"category tag\">Acontecer<\/a> <a href=\"https:\/\/elconquistadorredloslagos.cl\/test\/blog\/category\/actual\/\" rel=\"category tag\">Actualidad<\/a> <a href=\"https:\/\/elconquistadorredloslagos.cl\/test\/blog\/category\/chile\/chiloe\/\" rel=\"category tag\">Chilo\u00e9<\/a>","rttpg_excerpt":"Una inesperada y sorprendente faena vivieron pescadores artesanales del sector Pupelde en Ancud, al capturar un at\u00fan de gran tama\u00f1o que se ha convertido en el centro de atenci\u00f3n en..","_links":{"self":[{"href":"https:\/\/elconquistadorredloslagos.cl\/test\/wp-json\/wp\/v2\/posts\/10863","targetHints":{"allow":["GET"]}}],"collection":[{"href":"https:\/\/elconquistadorredloslagos.cl\/test\/wp-json\/wp\/v2\/posts"}],"about":[{"href":"https:\/\/elconquistadorredloslagos.cl\/test\/wp-json\/wp\/v2\/types\/post"}],"author":[{"embeddable":true,"href":"https:\/\/elconquistadorredloslagos.cl\/test\/wp-json\/wp\/v2\/users\/2"}],"replies":[{"embeddable":true,"href":"https:\/\/elconquistadorredloslagos.cl\/test\/wp-json\/wp\/v2\/comments?post=10863"}],"version-history":[{"count":1,"href":"https:\/\/elconquistadorredloslagos.cl\/test\/wp-json\/wp\/v2\/posts\/10863\/revisions"}],"predecessor-version":[{"id":10865,"href":"https:\/\/elconquistadorredloslagos.cl\/test\/wp-json\/wp\/v2\/posts\/10863\/revisions\/10865"}],"wp:featuredmedia":[{"embeddable":true,"href":"https:\/\/elconquistadorredloslagos.cl\/test\/wp-json\/wp\/v2\/media\/10864"}],"wp:attachment":[{"href":"https:\/\/elconquistadorredloslagos.cl\/test\/wp-json\/wp\/v2\/media?parent=10863"}],"wp:term":[{"taxonomy":"category","embeddable":true,"href":"https:\/\/elconquistadorredloslagos.cl\/test\/wp-json\/wp\/v2\/categories?post=10863"},{"taxonomy":"post_tag","embeddable":true,"href":"https:\/\/elconquistadorredloslagos.cl\/test\/wp-json\/wp\/v2\/tags?post=10863"}],"curies":[{"name":"wp","href":"https:\/\/api.w.org\/{rel}","templated":true}]}}